{"id":5909,"date":"2022-11-18T15:59:32","date_gmt":"2022-11-18T19:59:32","guid":{"rendered":"https:\/\/webdealta.info\/?p=5909"},"modified":"2022-11-18T15:59:33","modified_gmt":"2022-11-18T19:59:33","slug":"docente-cayo-del-techo-de-la-escuela-donde-labora","status":"publish","type":"post","link":"https:\/\/webdealta.info\/?p=5909","title":{"rendered":"Docente cay\u00f3 del techo de la escuela donde labora"},"content":{"rendered":"\n<p>Amanda Saldivia.-<\/p>\n\n\n\n<p>Un docente cay\u00f3 del techo de la escuela donde labora, en medio de una jornada organizada por la instituci\u00f3n, junto a padres y representantes, a los fines de corregir las filtraciones que afectan el desarrollo de las actividades acad\u00e9micas.<\/p>\n\n\n\n<p>El accidente se registr\u00f3 en la ma\u00f1ana de este viernes 18 de noviembre, en la escuela Capep Monse\u00f1or Sixto Sosa de Altagracia de Orituco y el lesionado fue el profesor Alexis Bandres, de 55 a\u00f1os de edad, docente de 5to grado, secci\u00f3n F, de acuerdo a los datos aportados por el profesor C\u00e1ndido Guaimara, directivo del citado plantel.<\/p>\n\n\n\n<p>Acerca del accidente, el profesor Guaimara explic\u00f3 que una de las l\u00e1minas del techo colaps\u00f3 al momento de realizar los trabajos de correcci\u00f3n de filtraciones, lo que trajo como consecuencia que el docente cayera al sal\u00f3n, desde una altura de aproximadamente 3 metros.<\/p>\n\n\n\n<p>Al lugar se present\u00f3 una comisi\u00f3n del cuerpo de bomberos Andr\u00e9 Fourneau, la cual realiz\u00f3 el traslado del profesor Bandres al hospital Dr. Jos\u00e9 Francisco Torrealba, instituci\u00f3n que no cuenta con servicio de rayos X desde hace m\u00e1s de 8 a\u00f1os, raz\u00f3n por la cual el lesionado tuvo que ser remitido a un centro privado para la toma de la placa.<\/p>\n\n\n\n<p>En Altagracia tampoco funciona el servicio de rayos X del Ipasme y los docentes no tienen seguro para cubrir los gastos que amerita un accidente como el ocurrido. El profesor Alexis Bandres sufri\u00f3 fractura del tobillo y traumatismo generalizado.<\/p>\n\n\n\n<p>En la escuela Monse\u00f1or Sixto Sosa son comunes las jornadas de recuperaci\u00f3n, con recursos provenientes de la autogesti\u00f3n, debido a la precariedad de la planta f\u00edsica.<\/p>\n\n\n\n<p><\/p>\n\n\n\n<p>@amandasaldivia   <\/p>\n\n\n\n<p><\/p>\n","protected":false},"excerpt":{"rendered":"<p>Amanda Saldivia.- Un docente cay\u00f3 del techo de la escuela donde labora, en medio de una jornada organizada por la instituci\u00f3n, junto a padres y representantes, a los fines de corregir las filtraciones que afectan el desarrollo de las actividades acad\u00e9micas. El accidente se registr\u00f3 en la ma\u00f1ana de este<\/p>\n","protected":false},"author":2,"featured_media":5910,"comment_status":"open","ping_status":"open","sticky":false,"template":"","format":"standard","meta":{"advanced_seo_description":"","jetpack_seo_html_title":"","jetpack_seo_noindex":false,"_jetpack_memberships_contains_paid_content":false,"footnotes":"","jetpack_publicize_message":"","jetpack_publicize_feature_enabled":true,"jetpack_social_post_already_shared":true,"jetpack_social_options":{"image_generator_settings":{"template":"highway","enabled":false},"version":2}},"categories":[159],"tags":[8,7,32],"class_list":["post-5909","post","type-post","status-publish","format-standard","has-post-thumbnail","hentry","category-accidente","tag-altagraciadeorituco","tag-guarico","tag-webdealta",""],"jetpack_publicize_connections":[],"jetpack_featured_media_url":"https:\/\/webdealta.info\/wp-content\/uploads\/2022\/11\/accidente-profesor-Bandres-webdealta.png","jetpack_sharing_enabled":true,"jetpack_likes_enabled":true,"jetpack-related-posts":[],"jetpack_shortlink":"https:\/\/wp.me\/pcseDn-1xj","_links":{"self":[{"href":"https:\/\/webdealta.info\/index.php?rest_route=\/wp\/v2\/posts\/5909","targetHints":{"allow":["GET"]}}],"collection":[{"href":"https:\/\/webdealta.info\/index.php?rest_route=\/wp\/v2\/posts"}],"about":[{"href":"https:\/\/webdealta.info\/index.php?rest_route=\/wp\/v2\/types\/post"}],"author":[{"embeddable":true,"href":"https:\/\/webdealta.info\/index.php?rest_route=\/wp\/v2\/users\/2"}],"replies":[{"embeddable":true,"href":"https:\/\/webdealta.info\/index.php?rest_route=%2Fwp%2Fv2%2Fcomments&post=5909"}],"version-history":[{"count":1,"href":"https:\/\/webdealta.info\/index.php?rest_route=\/wp\/v2\/posts\/5909\/revisions"}],"predecessor-version":[{"id":5911,"href":"https:\/\/webdealta.info\/index.php?rest_route=\/wp\/v2\/posts\/5909\/revisions\/5911"}],"wp:featuredmedia":[{"embeddable":true,"href":"https:\/\/webdealta.info\/index.php?rest_route=\/wp\/v2\/media\/5910"}],"wp:attachment":[{"href":"https:\/\/webdealta.info\/index.php?rest_route=%2Fwp%2Fv2%2Fmedia&parent=5909"}],"wp:term":[{"taxonomy":"category","embeddable":true,"href":"https:\/\/webdealta.info\/index.php?rest_route=%2Fwp%2Fv2%2Fcategories&post=5909"},{"taxonomy":"post_tag","embeddable":true,"href":"https:\/\/webdealta.info\/index.php?rest_route=%2Fwp%2Fv2%2Ftags&post=5909"}],"curies":[{"name":"wp","href":"https:\/\/api.w.org\/{rel}","templated":true}]}}