{"id":5901,"date":"2022-11-17T00:04:06","date_gmt":"2022-11-17T04:04:06","guid":{"rendered":"https:\/\/webdealta.info\/?p=5901"},"modified":"2022-11-17T00:04:55","modified_gmt":"2022-11-17T04:04:55","slug":"instituto-municipal-de-la-mujer-llamo-a-la-no-violencia","status":"publish","type":"post","link":"https:\/\/webdealta.info\/?p=5901","title":{"rendered":"Instituto Municipal de la Mujer llam\u00f3 a la NO violencia"},"content":{"rendered":"\n<p>Amanda Saldivia.-<\/p>\n\n\n\n<p>\u201cPara erradicar la violencia hace falta la conciencia de todos\u201d, dijo Norelis Benavente, presidenta del Instituto Municipal de la Mujer, en el marco del mes Violeta, color que identifica el D\u00eda Internacional de la NO Violencia Contra la Mujer, que se conmemora los 25 de noviembre de cada a\u00f1o y que fue realzado este mi\u00e9rcoles 16 de noviembre de esta localidad guarique\u00f1a.<\/p>\n\n\n\n<p>En el mensaje expresado en la plaza Bol\u00edvar de Altagracia de Orituco, Norelis Benavente agreg\u00f3 que este tema ata\u00f1e a toda la sociedad y que la actividad fue una jornada de agitaci\u00f3n para \u201creflexionar sobre la lucha del d\u00eda a d\u00eda por erradicar a la violencia, de conocer las formas de violencia que quiz\u00e1s que pasan, en oportunidades, como un hecho normal\u201d.<\/p>\n\n\n\n<p>Dej\u00f3 claro que los derechos de la mujer, no solo se ven vulnerados por una agresi\u00f3n f\u00edsica, verbal o psicol\u00f3gica por parte de las parejas, sino que \u201cpuede verse afectado en el trabajo, en la plaza Bol\u00edvar, en las unidades de transporte, en los centros de salud\u201d.<\/p>\n\n\n\n<p>Llam\u00f3 a mantener la identidad, a defensar los derechos y a denunciar toda forma de violencia ante el Instituto de la Mujer y el resto de los entes receptores de denuncias.<\/p>\n\n\n\n<p>@amandasaldivia  <\/p>\n\n\n\n<p>fotos cortes\u00eda oficina de Prensa alcald\u00eda <\/p>\n\n\n\n<p><\/p>\n","protected":false},"excerpt":{"rendered":"<p>Amanda Saldivia.- \u201cPara erradicar la violencia hace falta la conciencia de todos\u201d, dijo Norelis Benavente, presidenta del Instituto Municipal de la Mujer, en el marco del mes Violeta, color que identifica el D\u00eda Internacional de la NO Violencia Contra la Mujer, que se conmemora los 25 de noviembre de cada<\/p>\n","protected":false},"author":2,"featured_media":5902,"comment_status":"open","ping_status":"open","sticky":false,"template":"","format":"standard","meta":{"advanced_seo_description":"","jetpack_seo_html_title":"","jetpack_seo_noindex":false,"_jetpack_memberships_contains_paid_content":false,"footnotes":"","jetpack_publicize_message":"","jetpack_publicize_feature_enabled":true,"jetpack_social_post_already_shared":true,"jetpack_social_options":{"image_generator_settings":{"template":"highway","enabled":false},"version":2}},"categories":[15],"tags":[8,7,32],"class_list":["post-5901","post","type-post","status-publish","format-standard","has-post-thumbnail","hentry","category-municipalidad","tag-altagraciadeorituco","tag-guarico","tag-webdealta",""],"jetpack_publicize_connections":[],"jetpack_featured_media_url":"https:\/\/webdealta.info\/wp-content\/uploads\/2022\/11\/webdealta-no-violencia.png","jetpack_sharing_enabled":true,"jetpack_likes_enabled":true,"jetpack-related-posts":[],"jetpack_shortlink":"https:\/\/wp.me\/pcseDn-1xb","_links":{"self":[{"href":"https:\/\/webdealta.info\/index.php?rest_route=\/wp\/v2\/posts\/5901","targetHints":{"allow":["GET"]}}],"collection":[{"href":"https:\/\/webdealta.info\/index.php?rest_route=\/wp\/v2\/posts"}],"about":[{"href":"https:\/\/webdealta.info\/index.php?rest_route=\/wp\/v2\/types\/post"}],"author":[{"embeddable":true,"href":"https:\/\/webdealta.info\/index.php?rest_route=\/wp\/v2\/users\/2"}],"replies":[{"embeddable":true,"href":"https:\/\/webdealta.info\/index.php?rest_route=%2Fwp%2Fv2%2Fcomments&post=5901"}],"version-history":[{"count":2,"href":"https:\/\/webdealta.info\/index.php?rest_route=\/wp\/v2\/posts\/5901\/revisions"}],"predecessor-version":[{"id":5904,"href":"https:\/\/webdealta.info\/index.php?rest_route=\/wp\/v2\/posts\/5901\/revisions\/5904"}],"wp:featuredmedia":[{"embeddable":true,"href":"https:\/\/webdealta.info\/index.php?rest_route=\/wp\/v2\/media\/5902"}],"wp:attachment":[{"href":"https:\/\/webdealta.info\/index.php?rest_route=%2Fwp%2Fv2%2Fmedia&parent=5901"}],"wp:term":[{"taxonomy":"category","embeddable":true,"href":"https:\/\/webdealta.info\/index.php?rest_route=%2Fwp%2Fv2%2Fcategories&post=5901"},{"taxonomy":"post_tag","embeddable":true,"href":"https:\/\/webdealta.info\/index.php?rest_route=%2Fwp%2Fv2%2Ftags&post=5901"}],"curies":[{"name":"wp","href":"https:\/\/api.w.org\/{rel}","templated":true}]}}