{"id":5897,"date":"2022-11-16T23:14:31","date_gmt":"2022-11-17T03:14:31","guid":{"rendered":"https:\/\/webdealta.info\/?p=5897"},"modified":"2022-11-16T23:14:32","modified_gmt":"2022-11-17T03:14:32","slug":"grupo-geo-exhorta-a-crear-direccion-de-turismo-del-orituco","status":"publish","type":"post","link":"https:\/\/webdealta.info\/?p=5897","title":{"rendered":"Grupo Geo exhorta a crear direcci\u00f3n de Turismo del Orituco"},"content":{"rendered":"\n<p>Amanda Saldivia.-<\/p>\n\n\n\n<p>Amparado en la Ley Org\u00e1nica de Turismo, Rafael Canel\u00f3n, presidente de la Fundaci\u00f3n Geo, exhort\u00f3 a la alcald\u00eda del municipio Monagas a que cree la direcci\u00f3n que se ocupe de esa \u00e1rea, para impulsar las actividades en el campo del disfrute de las bellezas naturales del Orituco.<\/p>\n\n\n\n<p>Al participar en el programa Tiempo de Cambios de este mi\u00e9rcoles 16 de noviembre, Rafael Canel\u00f3n, reflexion\u00f3 sobre el marco legal que sustenta la petici\u00f3n, entre ellos el art\u00edculo 32 de la citada Ley, el cual obliga a los mandatarios locales a incentivar y promover, con entes p\u00fablicos y privados, el desarrollo tur\u00edstico de los municipios.<\/p>\n\n\n\n<p>Rafael Canel\u00f3n, record\u00f3 que antes de presidir la fundaci\u00f3n Geo, responsabilidad que asumi\u00f3 hace 10 a\u00f1os, hubo un movimiento en pro del ecoturismo, conocido en el mundo como la \u201cindustria sin chimeneas\u201d, pero lamentablemente el tema pas\u00f3 a segundo plano y ahora la alcald\u00eda no tiene en su estructura organizativa una direcci\u00f3n de Turismo.<\/p>\n\n\n\n<p>En torno a este punto, considera que debe crearse por las fortalezas que tiene el Orituco, zona rodeada de parajes exuberantes en las siete parroquias, sobre todo aquellas ubicadas en las cercan\u00edas del parque nacional Guatopo, zona que tambi\u00e9n forma parte del radio de acci\u00f3n de la Fundaci\u00f3n Geo.<\/p>\n\n\n\n<p>En el programa Tiempo de Cambios, Rafael Canel\u00f3n estuvo acompa\u00f1ado por el profesor Manuel A\u00f1ez, uno de los fundadores de esta organizaci\u00f3n; David Gonz\u00e1lez, licenciado en Turismo, quien se incorpor\u00f3 al trabajo en pro de fomentar las actividades de ecoturismo y Nikol Sepulveda, estudiante de Medicina de la Unerg, una caraque\u00f1a que est\u00e1 disfrutando de las caminatas promovidas por el grupo Geo.<\/p>\n\n\n\n<p>Recientemente retomaron la oferta de paseos ecol\u00f3gicos a zonas cercanas a Altagracia, entre ellos el disfrute de la quebrada El Tigre, ubicada a escasas tres horas en caminata desde la plaza Sucre, punto de partida que tradicionalmente utiliza esta fundaci\u00f3n.<\/p>\n\n\n\n<p>Desde que naci\u00f3 hace 10 a\u00f1os, la fundaci\u00f3n Geo quiere que se impulse el ecoturismo en el municipio Monagas, que haya mayor apoyo de la alcald\u00eda y de la gobernaci\u00f3n, a los fines de levantar el plan de turismo del Orituco. <\/p>\n\n\n\n<p>@amandasaldivia  <\/p>\n\n\n\n<p><\/p>\n","protected":false},"excerpt":{"rendered":"<p>Amanda Saldivia.- Amparado en la Ley Org\u00e1nica de Turismo, Rafael Canel\u00f3n, presidente de la Fundaci\u00f3n Geo, exhort\u00f3 a la alcald\u00eda del municipio Monagas a que cree la direcci\u00f3n que se ocupe de esa \u00e1rea, para impulsar las actividades en el campo del disfrute de las bellezas naturales del Orituco. Al<\/p>\n","protected":false},"author":2,"featured_media":5898,"comment_status":"open","ping_status":"open","sticky":false,"template":"","format":"standard","meta":{"advanced_seo_description":"","jetpack_seo_html_title":"","jetpack_seo_noindex":false,"_jetpack_memberships_contains_paid_content":false,"footnotes":"","jetpack_publicize_message":"","jetpack_publicize_feature_enabled":true,"jetpack_social_post_already_shared":true,"jetpack_social_options":{"image_generator_settings":{"template":"highway","enabled":false},"version":2}},"categories":[322],"tags":[8,7,32],"class_list":["post-5897","post","type-post","status-publish","format-standard","has-post-thumbnail","hentry","category-recreacion","tag-altagraciadeorituco","tag-guarico","tag-webdealta",""],"jetpack_publicize_connections":[],"jetpack_featured_media_url":"https:\/\/webdealta.info\/wp-content\/uploads\/2022\/11\/rafsael-canelon-webdeanta.png","jetpack_sharing_enabled":true,"jetpack_likes_enabled":true,"jetpack-related-posts":[],"jetpack_shortlink":"https:\/\/wp.me\/pcseDn-1x7","_links":{"self":[{"href":"https:\/\/webdealta.info\/index.php?rest_route=\/wp\/v2\/posts\/5897","targetHints":{"allow":["GET"]}}],"collection":[{"href":"https:\/\/webdealta.info\/index.php?rest_route=\/wp\/v2\/posts"}],"about":[{"href":"https:\/\/webdealta.info\/index.php?rest_route=\/wp\/v2\/types\/post"}],"author":[{"embeddable":true,"href":"https:\/\/webdealta.info\/index.php?rest_route=\/wp\/v2\/users\/2"}],"replies":[{"embeddable":true,"href":"https:\/\/webdealta.info\/index.php?rest_route=%2Fwp%2Fv2%2Fcomments&post=5897"}],"version-history":[{"count":1,"href":"https:\/\/webdealta.info\/index.php?rest_route=\/wp\/v2\/posts\/5897\/revisions"}],"predecessor-version":[{"id":5899,"href":"https:\/\/webdealta.info\/index.php?rest_route=\/wp\/v2\/posts\/5897\/revisions\/5899"}],"wp:featuredmedia":[{"embeddable":true,"href":"https:\/\/webdealta.info\/index.php?rest_route=\/wp\/v2\/media\/5898"}],"wp:attachment":[{"href":"https:\/\/webdealta.info\/index.php?rest_route=%2Fwp%2Fv2%2Fmedia&parent=5897"}],"wp:term":[{"taxonomy":"category","embeddable":true,"href":"https:\/\/webdealta.info\/index.php?rest_route=%2Fwp%2Fv2%2Fcategories&post=5897"},{"taxonomy":"post_tag","embeddable":true,"href":"https:\/\/webdealta.info\/index.php?rest_route=%2Fwp%2Fv2%2Ftags&post=5897"}],"curies":[{"name":"wp","href":"https:\/\/api.w.org\/{rel}","templated":true}]}}