{"id":5893,"date":"2022-11-15T21:23:24","date_gmt":"2022-11-16T01:23:24","guid":{"rendered":"https:\/\/webdealta.info\/?p=5893"},"modified":"2022-11-15T21:23:25","modified_gmt":"2022-11-16T01:23:25","slug":"primero-justicia-creara-comites-justicieros-en-el-orituco","status":"publish","type":"post","link":"https:\/\/webdealta.info\/?p=5893","title":{"rendered":"Primero Justicia crear\u00e1 comit\u00e9s justicieros en el Orituco"},"content":{"rendered":"\n<p>Amanda Saldivia.-<\/p>\n\n\n\n<p>Para Nohelia Guti\u00e9rrez, directivo regional de Primero Justicia en el estado Gu\u00e1rico, el nombramiento de la comisi\u00f3n que organizar\u00e1 las elecciones primarias, es un paso firme hacia la escogencia de un candidato que enfrente al oficialismo en los comicios presidenciales de 2024.<\/p>\n\n\n\n<p>Las declaraciones las ofreci\u00f3 en el programa Tiempo de Cambios de este martes 15 de noviembre, espacio que se transmite a trav\u00e9s de la emisora Activa 104.9 de Altagracia de Orituco, en la cual mencion\u00f3 que la responsabilidad recay\u00f3 en el Dr. Jes\u00fas Mar\u00eda Casal, acad\u00e9mico de la UCAB, acompa\u00f1ado por otros representes de la sociedad civil.<\/p>\n\n\n\n<p>\u201cEst\u00e1 la Plataforma Unitaria que es el G4, adem\u00e1s de otras organizaciones, hasta ahora son 12 partidos, la convocatoria que se est\u00e1 haciendo es abierta, incluso para una persona independiente que quiera medirse, lo puede hacer, hay muchas personas que no pertenecen a partidos pol\u00edticos que pudieran aspirar\u201d, dijo Nohelia Guti\u00e9rrez durante el programa radial.<\/p>\n\n\n\n<p>En referencia a la escogencia de quien se medir\u00e1 en las primarias por Primero Justicia, dijo que posiblemente se haga por consenso y que est\u00e1n tres aspirantes, ellos son Henrique Capriles, Juan Pablo Guanipa y Carlos Ocariz, este \u00faltimo de visita este mi\u00e9rcoles en San Juan de los Morros, como parte de acercamiento con la militancia.<\/p>\n\n\n\n<p>Sobre este punto, no precis\u00f3 fecha en la cual se decidir\u00e1 el precandidato de Primero Justicia, pero consider\u00f3 que es un gran avance la escogencia de la comisi\u00f3n que organizar\u00e1 esos comicios internos de la oposici\u00f3n, los cuales estima que se puedan realizar entre los meses de junio y julio de 2023.<\/p>\n\n\n\n<p>En cuanto a las acciones del partido en Altagracia, dijo que se crear\u00e1n 114 Comit\u00e9s Justicieros en el municipio Monagas, no solamente para la activaci\u00f3n en pro de las primarias, sino para \u201ctrabajos \u00fatiles en la comunidad, porque hay muchas maneras de demostrar que tenemos calidad humana, calidad social para estar all\u00ed\u201d.<\/p>\n\n\n\n<p>Al preguntarle, sobre un posible adelanto de elecciones presidenciales, dijo que la oposici\u00f3n est\u00e1 lista ante cualquier escenario, aunque precis\u00f3 que constitucionalmente deben realizarse en diciembre de 2024.<\/p>\n\n\n\n<p>Otro aspecto que mencion\u00f3 fue la esperanza que debe sembrarse en el electorado, tema que lo argument\u00f3 con la necesidad de cambiar el estilo de gobierno autoritario, por uno que sea expresi\u00f3n del esp\u00edritu democr\u00e1tico, tal como ocurri\u00f3 con los comicios a la gobernaci\u00f3n de \u00a0Barinas, que a juicio demostr\u00f3 que con votos, con la decisi\u00f3n firme del pueblo, se eligen los gobernantes.<\/p>\n\n\n\n<p>@amandasaldivia    <\/p>\n\n\n\n<p><\/p>\n","protected":false},"excerpt":{"rendered":"<p>Amanda Saldivia.- Para Nohelia Guti\u00e9rrez, directivo regional de Primero Justicia en el estado Gu\u00e1rico, el nombramiento de la comisi\u00f3n que organizar\u00e1 las elecciones primarias, es un paso firme hacia la escogencia de un candidato que enfrente al oficialismo en los comicios presidenciales de 2024. Las declaraciones las ofreci\u00f3 en el<\/p>\n","protected":false},"author":2,"featured_media":5894,"comment_status":"open","ping_status":"open","sticky":false,"template":"","format":"standard","meta":{"advanced_seo_description":"","jetpack_seo_html_title":"","jetpack_seo_noindex":false,"_jetpack_memberships_contains_paid_content":false,"footnotes":"","jetpack_publicize_message":"","jetpack_publicize_feature_enabled":true,"jetpack_social_post_already_shared":true,"jetpack_social_options":{"image_generator_settings":{"template":"highway","enabled":false},"version":2}},"categories":[142],"tags":[8,7,32],"class_list":["post-5893","post","type-post","status-publish","format-standard","has-post-thumbnail","hentry","category-politica","tag-altagraciadeorituco","tag-guarico","tag-webdealta",""],"jetpack_publicize_connections":[],"jetpack_featured_media_url":"https:\/\/webdealta.info\/wp-content\/uploads\/2022\/11\/primero-justicia-webdealta.png","jetpack_sharing_enabled":true,"jetpack_likes_enabled":true,"jetpack-related-posts":[],"jetpack_shortlink":"https:\/\/wp.me\/pcseDn-1x3","_links":{"self":[{"href":"https:\/\/webdealta.info\/index.php?rest_route=\/wp\/v2\/posts\/5893","targetHints":{"allow":["GET"]}}],"collection":[{"href":"https:\/\/webdealta.info\/index.php?rest_route=\/wp\/v2\/posts"}],"about":[{"href":"https:\/\/webdealta.info\/index.php?rest_route=\/wp\/v2\/types\/post"}],"author":[{"embeddable":true,"href":"https:\/\/webdealta.info\/index.php?rest_route=\/wp\/v2\/users\/2"}],"replies":[{"embeddable":true,"href":"https:\/\/webdealta.info\/index.php?rest_route=%2Fwp%2Fv2%2Fcomments&post=5893"}],"version-history":[{"count":1,"href":"https:\/\/webdealta.info\/index.php?rest_route=\/wp\/v2\/posts\/5893\/revisions"}],"predecessor-version":[{"id":5895,"href":"https:\/\/webdealta.info\/index.php?rest_route=\/wp\/v2\/posts\/5893\/revisions\/5895"}],"wp:featuredmedia":[{"embeddable":true,"href":"https:\/\/webdealta.info\/index.php?rest_route=\/wp\/v2\/media\/5894"}],"wp:attachment":[{"href":"https:\/\/webdealta.info\/index.php?rest_route=%2Fwp%2Fv2%2Fmedia&parent=5893"}],"wp:term":[{"taxonomy":"category","embeddable":true,"href":"https:\/\/webdealta.info\/index.php?rest_route=%2Fwp%2Fv2%2Fcategories&post=5893"},{"taxonomy":"post_tag","embeddable":true,"href":"https:\/\/webdealta.info\/index.php?rest_route=%2Fwp%2Fv2%2Ftags&post=5893"}],"curies":[{"name":"wp","href":"https:\/\/api.w.org\/{rel}","templated":true}]}}