{"id":5889,"date":"2022-11-14T23:06:08","date_gmt":"2022-11-15T03:06:08","guid":{"rendered":"https:\/\/webdealta.info\/?p=5889"},"modified":"2022-11-14T23:06:09","modified_gmt":"2022-11-15T03:06:09","slug":"guarico-en-58-se-redujo-el-indice-delictivo","status":"publish","type":"post","link":"https:\/\/webdealta.info\/?p=5889","title":{"rendered":"Gu\u00e1rico: en 58% se redujo el \u00edndice delictivo"},"content":{"rendered":"\n<p>Con un 58% de reducci\u00f3n en cuanto a los \u00edndices de delitos, el estado Gu\u00e1rico se posiciona actualmente entre las regiones m\u00e1s seguras del pa\u00eds, seg\u00fan la informaci\u00f3n aportada por el gobernador de la entidad llanera, Jos\u00e9 V\u00e1squez, durante la entrevista en el programa \u00abDialogo Con\u00bb, conducido por el periodista Carlos Croes.<\/p>\n\n\n\n<p>\u00abEn el 2017 cuando llegamos a la gobernaci\u00f3n, Gu\u00e1rico se encontraba en el puesto n\u00famero 5 de los m\u00e1s inseguros, pero hoy d\u00eda logramos ubicarlo en el n\u00famero 14, lo cual se traduce en mayor seguridad\u00bb, refiri\u00f3 el Mandatario Regional durante el encuentro, donde puntualiz\u00f3 que dentro del campo agr\u00edcola se ha logrado realizar la neutralizaci\u00f3n de diversos grupos delictivos que se dedicaban a la extorsi\u00f3n de los productores, atentando as\u00ed con el rendimiento productivo de la regi\u00f3n y el pa\u00eds.<\/p>\n\n\n\n<p>V\u00e1squez asegur\u00f3 que mediante la ejecuci\u00f3n de operativos especiales que agrupa la participaci\u00f3n de los diversos organismos de seguridad, se ha logrado mantener el resguardo a este sector, combatiendo elementos de chantaje y extorsi\u00f3n, acci\u00f3n que se replica con despliegues constates en las comunidades populares y zonas estrat\u00e9gicas de los diferentes municipios, a fin de brindar protecci\u00f3n y tranquilidad a la poblaci\u00f3n, trabajando articuladamente a trav\u00e9s de la Secretar\u00eda de Seguridad y Defensa Ciudadana, Secretar\u00eda Ejecutiva para la Soberan\u00eda, Seguridad y Paz; Regi\u00f3n de Defensa Integral los Llanos (REDI) y Zona Operativa de Defensa Integral 35 (ZODI Gu\u00e1rico).<\/p>\n\n\n\n<p>A este contexto se le suma el reci\u00e9n reconocimiento realizado al desempe\u00f1o operativo y estrat\u00e9gico de la Polic\u00eda del estado Gu\u00e1rico (Poligu\u00e1rico), la cual de acuerdo al reporte emanado a trav\u00e9s del Viceministerio de Prevenci\u00f3n, Seguridad Ciudadana y Cuadrantes de Paz, est\u00e1 se ubica en cuarto lugar nacional -Carabobo, Anzo\u00e1tegui, Zulia, Gu\u00e1rico y Miranda-, ejecutando detenciones de sujetos, retenci\u00f3n de veh\u00edculos, incautaci\u00f3n de armas de fuego, droga y recuperaci\u00f3n de tel\u00e9fonos.<\/p>\n\n\n\n<p>Por tanto, se resalta la planificaci\u00f3n que ha mantenido el Gobierno Bolivariano en la entidad llanera, tras la visi\u00f3n estrat\u00e9gica del gobernador Jos\u00e9 V\u00e1squez, mediante la cual se ha trabajado en el equipamiento y dotaci\u00f3n de unidades motorizadas, radiopatrullas, uniformes y otros elementos que permiten optimizar el bienestar de los funcionarios y funcionarias que d\u00eda a d\u00eda se mantienen activos en las calles para el resguardo de la poblaci\u00f3n.\/MG<\/p>\n\n\n\n<p>Sibci-Gu\u00e1rico  <\/p>\n\n\n\n<p><\/p>\n","protected":false},"excerpt":{"rendered":"<p>Con un 58% de reducci\u00f3n en cuanto a los \u00edndices de delitos, el estado Gu\u00e1rico se posiciona actualmente entre las regiones m\u00e1s seguras del pa\u00eds, seg\u00fan la informaci\u00f3n aportada por el gobernador de la entidad llanera, Jos\u00e9 V\u00e1squez, durante la entrevista en el programa \u00abDialogo Con\u00bb, conducido por el periodista<\/p>\n","protected":false},"author":2,"featured_media":5890,"comment_status":"open","ping_status":"open","sticky":false,"template":"","format":"standard","meta":{"advanced_seo_description":"","jetpack_seo_html_title":"","jetpack_seo_noindex":false,"_jetpack_memberships_contains_paid_content":false,"footnotes":"","jetpack_publicize_message":"","jetpack_publicize_feature_enabled":true,"jetpack_social_post_already_shared":true,"jetpack_social_options":{"image_generator_settings":{"template":"highway","enabled":false},"version":2}},"categories":[291],"tags":[8,7,32],"class_list":["post-5889","post","type-post","status-publish","format-standard","has-post-thumbnail","hentry","category-seguridad","tag-altagraciadeorituco","tag-guarico","tag-webdealta",""],"jetpack_publicize_connections":[],"jetpack_featured_media_url":"https:\/\/webdealta.info\/wp-content\/uploads\/2022\/11\/seguridad-webdealta-3.png","jetpack_sharing_enabled":true,"jetpack_likes_enabled":true,"jetpack-related-posts":[],"jetpack_shortlink":"https:\/\/wp.me\/pcseDn-1wZ","_links":{"self":[{"href":"https:\/\/webdealta.info\/index.php?rest_route=\/wp\/v2\/posts\/5889","targetHints":{"allow":["GET"]}}],"collection":[{"href":"https:\/\/webdealta.info\/index.php?rest_route=\/wp\/v2\/posts"}],"about":[{"href":"https:\/\/webdealta.info\/index.php?rest_route=\/wp\/v2\/types\/post"}],"author":[{"embeddable":true,"href":"https:\/\/webdealta.info\/index.php?rest_route=\/wp\/v2\/users\/2"}],"replies":[{"embeddable":true,"href":"https:\/\/webdealta.info\/index.php?rest_route=%2Fwp%2Fv2%2Fcomments&post=5889"}],"version-history":[{"count":1,"href":"https:\/\/webdealta.info\/index.php?rest_route=\/wp\/v2\/posts\/5889\/revisions"}],"predecessor-version":[{"id":5891,"href":"https:\/\/webdealta.info\/index.php?rest_route=\/wp\/v2\/posts\/5889\/revisions\/5891"}],"wp:featuredmedia":[{"embeddable":true,"href":"https:\/\/webdealta.info\/index.php?rest_route=\/wp\/v2\/media\/5890"}],"wp:attachment":[{"href":"https:\/\/webdealta.info\/index.php?rest_route=%2Fwp%2Fv2%2Fmedia&parent=5889"}],"wp:term":[{"taxonomy":"category","embeddable":true,"href":"https:\/\/webdealta.info\/index.php?rest_route=%2Fwp%2Fv2%2Fcategories&post=5889"},{"taxonomy":"post_tag","embeddable":true,"href":"https:\/\/webdealta.info\/index.php?rest_route=%2Fwp%2Fv2%2Ftags&post=5889"}],"curies":[{"name":"wp","href":"https:\/\/api.w.org\/{rel}","templated":true}]}}