{"id":5881,"date":"2022-11-14T22:23:53","date_gmt":"2022-11-15T02:23:53","guid":{"rendered":"https:\/\/webdealta.info\/?p=5881"},"modified":"2022-11-14T22:23:54","modified_gmt":"2022-11-15T02:23:54","slug":"proteccion-civil-celebro-21-anos-de-creacion","status":"publish","type":"post","link":"https:\/\/webdealta.info\/?p=5881","title":{"rendered":"Protecci\u00f3n Civil celebr\u00f3 21 a\u00f1os de creaci\u00f3n"},"content":{"rendered":"\n<p>Amanda Saldivia.-<\/p>\n\n\n\n<p>Con un almuerzo, la Direcci\u00f3n de Protecci\u00f3n Civil y Administraci\u00f3n de Desastre, celebr\u00f3 los 21 a\u00f1os de creaci\u00f3n en el \u00e1mbito nacional y los tres a\u00f1os de funcionamiento en el municipio Jos\u00e9 Tadeo Monagas, como dependencia adscrita a la alcald\u00eda.<\/p>\n\n\n\n<p>La actividad se realiz\u00f3 el pasado domingo 13 de noviembre, para recordar que, en esa misma fecha, pero en el a\u00f1o 2001 naci\u00f3 la Ley de la Organizaci\u00f3n Nacional de Protecci\u00f3n Civil y Administraci\u00f3n de Desastres, publicada en la gaceta oficial nro. 5557, para regular las competencia y funcionamiento en tres instancias del poder p\u00fablico, es decir nacional, regional y municipal.<\/p>\n\n\n\n<p>La oportunidad fue propicia para que los 18 funcionarios compartieran, junto al director Wilmer Fern\u00e1ndez y la licenciada Ligda Utrera, coordinadora de Gesti\u00f3n de Riesgo, quien remiti\u00f3 a la Web de Altagracia, algunas fotograf\u00edas de la celebraci\u00f3n, as\u00ed como otras que forman parte de los archivos institucionales.<\/p>\n\n\n\n<p>Felicitaciones por tan valiosa labor.<\/p>\n\n\n\n<p>@amandasaldivia    <\/p>\n\n\n\n<p><\/p>\n","protected":false},"excerpt":{"rendered":"<p>Amanda Saldivia.- Con un almuerzo, la Direcci\u00f3n de Protecci\u00f3n Civil y Administraci\u00f3n de Desastre, celebr\u00f3 los 21 a\u00f1os de creaci\u00f3n en el \u00e1mbito nacional y los tres a\u00f1os de funcionamiento en el municipio Jos\u00e9 Tadeo Monagas, como dependencia adscrita a la alcald\u00eda. La actividad se realiz\u00f3 el pasado domingo 13<\/p>\n","protected":false},"author":2,"featured_media":5882,"comment_status":"open","ping_status":"open","sticky":false,"template":"","format":"standard","meta":{"advanced_seo_description":"","jetpack_seo_html_title":"","jetpack_seo_noindex":false,"_jetpack_memberships_contains_paid_content":false,"footnotes":"","jetpack_publicize_message":"","jetpack_publicize_feature_enabled":true,"jetpack_social_post_already_shared":true,"jetpack_social_options":{"image_generator_settings":{"template":"highway","enabled":false},"version":2}},"categories":[117],"tags":[8,7,32],"class_list":["post-5881","post","type-post","status-publish","format-standard","has-post-thumbnail","hentry","category-celebracion","tag-altagraciadeorituco","tag-guarico","tag-webdealta",""],"jetpack_publicize_connections":[],"jetpack_featured_media_url":"https:\/\/webdealta.info\/wp-content\/uploads\/2022\/11\/pc-webdealta-1.png","jetpack_sharing_enabled":true,"jetpack_likes_enabled":true,"jetpack-related-posts":[],"jetpack_shortlink":"https:\/\/wp.me\/pcseDn-1wR","_links":{"self":[{"href":"https:\/\/webdealta.info\/index.php?rest_route=\/wp\/v2\/posts\/5881","targetHints":{"allow":["GET"]}}],"collection":[{"href":"https:\/\/webdealta.info\/index.php?rest_route=\/wp\/v2\/posts"}],"about":[{"href":"https:\/\/webdealta.info\/index.php?rest_route=\/wp\/v2\/types\/post"}],"author":[{"embeddable":true,"href":"https:\/\/webdealta.info\/index.php?rest_route=\/wp\/v2\/users\/2"}],"replies":[{"embeddable":true,"href":"https:\/\/webdealta.info\/index.php?rest_route=%2Fwp%2Fv2%2Fcomments&post=5881"}],"version-history":[{"count":1,"href":"https:\/\/webdealta.info\/index.php?rest_route=\/wp\/v2\/posts\/5881\/revisions"}],"predecessor-version":[{"id":5883,"href":"https:\/\/webdealta.info\/index.php?rest_route=\/wp\/v2\/posts\/5881\/revisions\/5883"}],"wp:featuredmedia":[{"embeddable":true,"href":"https:\/\/webdealta.info\/index.php?rest_route=\/wp\/v2\/media\/5882"}],"wp:attachment":[{"href":"https:\/\/webdealta.info\/index.php?rest_route=%2Fwp%2Fv2%2Fmedia&parent=5881"}],"wp:term":[{"taxonomy":"category","embeddable":true,"href":"https:\/\/webdealta.info\/index.php?rest_route=%2Fwp%2Fv2%2Fcategories&post=5881"},{"taxonomy":"post_tag","embeddable":true,"href":"https:\/\/webdealta.info\/index.php?rest_route=%2Fwp%2Fv2%2Ftags&post=5881"}],"curies":[{"name":"wp","href":"https:\/\/api.w.org\/{rel}","templated":true}]}}