{"id":5877,"date":"2022-11-13T21:11:40","date_gmt":"2022-11-14T01:11:40","guid":{"rendered":"https:\/\/webdealta.info\/?p=5877"},"modified":"2022-11-13T21:11:42","modified_gmt":"2022-11-14T01:11:42","slug":"guarico-es-referencia-deportiva-a-nivel-nacional","status":"publish","type":"post","link":"https:\/\/webdealta.info\/?p=5877","title":{"rendered":"<strong>Gu\u00e1rico es referencia deportiva a nivel nacional<\/strong>"},"content":{"rendered":"\n<p>En la Ciudad Ol\u00edmpica, ubicada en San Juan de los Morros, municipio Juan Germ\u00e1n Roscio Nieves, el gobernador Jos\u00e9 V\u00e1squez tuvo la oportunidad de encontrarse con m\u00e1s de 100 ciclistas arag\u00fce\u00f1os, quienes visitaron Gu\u00e1rico con la finalidad de realizar las pr\u00e1cticas deportivas pertinentes para posteriormente participar en el Reto a la Cumbre Platill\u00f3n.<\/p>\n\n\n\n<p>Es importante destacar que el&nbsp; Reto Platill\u00f3n es una tradici\u00f3n deportiva que se lleva a cabo desde hace varios a\u00f1os y que en la edici\u00f3n anterior, realizada en mayo del 2022, fue declarado Patrimonio Deportivo del estado Gu\u00e1rico, bajo decreto firmado por el mandatario regional.<\/p>\n\n\n\n<p>El gobernador del estado Gu\u00e1rico, Jos\u00e9 V\u00e1squez, v\u00eda Instagram destac\u00f3 que \u201cEs bonito ver c\u00f3mo ha crecido el deporte, el ciclismo y sobretodo es hermoso conocer gente nueva que viene a visitar nuestro estado gracias a ello. Bienvenidos a Gu\u00e1rico y a San Juan de los Morros.\u201d<\/p>\n\n\n\n<p>Asimismo,&nbsp; V\u00e1squez expres\u00f3 que es un orgullo y honor&nbsp; compartir con&nbsp; grandes atletas como los arag\u00fce\u00f1os, \u201cLos recibimos con mucho cari\u00f1o y amor\u201d agreg\u00f3.<\/p>\n\n\n\n<p>En este sentido, es importante mencionar que el territorio llanero cuenta con espacios optimizados para el libre y perfecto&nbsp; desarrollo de actividades&nbsp; recreacionales y deportivas, gracias al compromiso del Gobierno Bolivariano de brindarle una mejor calidad de vida a la poblaci\u00f3n mediante la rehabilitaci\u00f3n de las instalaci\u00f3n deportivas.<\/p>\n\n\n\n<p>En el 2023 se planea realizar la edici\u00f3n&nbsp; n\u00famero diecisiete del Reto Platill\u00f3n, superando el n\u00famero de 350 atletas que participaron en el \u00faltimo, quienes transitaron una ruta no asfaltada de 15 km en subida hasta alcanzar el Plan de las Vacas del cerro Platill\u00f3n, esta tradici\u00f3n deportiva ha permitido enaltecer e impulsar a la entidad llanera como potencia ciclista.<\/p>\n\n\n\n<p><strong>El deporte es vida<\/strong><\/p>\n\n\n\n<p>Por otra parte, en las instalaciones de la Ciudad Ol\u00edmpica, el l\u00edder regional Jos\u00e9 V\u00e1squez, en compa\u00f1\u00eda de la primera combatiente, Fabiola De C\u00f3rdova, trotaron,&nbsp; como de costumbre, &nbsp;junto a la leyenda del deporte Lucirio Garrido.<\/p>\n\n\n\n<p>\u201cSu humildad y disciplina lo han llevado lejos y le han permitido formar a grandes atletas, campeones nacionales e internacionales, entre ellos sus hijos, todos corredores\u201d coment\u00f3 V\u00e1squez.<\/p>\n\n\n\n<p>Sibci-Gu\u00e1rico  <\/p>\n\n\n\n<p><\/p>\n","protected":false},"excerpt":{"rendered":"<p>En la Ciudad Ol\u00edmpica, ubicada en San Juan de los Morros, municipio Juan Germ\u00e1n Roscio Nieves, el gobernador Jos\u00e9 V\u00e1squez tuvo la oportunidad de encontrarse con m\u00e1s de 100 ciclistas arag\u00fce\u00f1os, quienes visitaron Gu\u00e1rico con la finalidad de realizar las pr\u00e1cticas deportivas pertinentes para posteriormente participar en el Reto a<\/p>\n","protected":false},"author":2,"featured_media":5878,"comment_status":"open","ping_status":"open","sticky":false,"template":"","format":"standard","meta":{"advanced_seo_description":"","jetpack_seo_html_title":"","jetpack_seo_noindex":false,"_jetpack_memberships_contains_paid_content":false,"footnotes":"","jetpack_publicize_message":"","jetpack_publicize_feature_enabled":true,"jetpack_social_post_already_shared":true,"jetpack_social_options":{"image_generator_settings":{"template":"highway","enabled":false},"version":2}},"categories":[111],"tags":[8,7,32],"class_list":["post-5877","post","type-post","status-publish","format-standard","has-post-thumbnail","hentry","category-deporte","tag-altagraciadeorituco","tag-guarico","tag-webdealta",""],"jetpack_publicize_connections":[],"jetpack_featured_media_url":"https:\/\/webdealta.info\/wp-content\/uploads\/2022\/11\/sibci-guarico-deporte-webdealta.png","jetpack_sharing_enabled":true,"jetpack_likes_enabled":true,"jetpack-related-posts":[],"jetpack_shortlink":"https:\/\/wp.me\/pcseDn-1wN","_links":{"self":[{"href":"https:\/\/webdealta.info\/index.php?rest_route=\/wp\/v2\/posts\/5877","targetHints":{"allow":["GET"]}}],"collection":[{"href":"https:\/\/webdealta.info\/index.php?rest_route=\/wp\/v2\/posts"}],"about":[{"href":"https:\/\/webdealta.info\/index.php?rest_route=\/wp\/v2\/types\/post"}],"author":[{"embeddable":true,"href":"https:\/\/webdealta.info\/index.php?rest_route=\/wp\/v2\/users\/2"}],"replies":[{"embeddable":true,"href":"https:\/\/webdealta.info\/index.php?rest_route=%2Fwp%2Fv2%2Fcomments&post=5877"}],"version-history":[{"count":1,"href":"https:\/\/webdealta.info\/index.php?rest_route=\/wp\/v2\/posts\/5877\/revisions"}],"predecessor-version":[{"id":5879,"href":"https:\/\/webdealta.info\/index.php?rest_route=\/wp\/v2\/posts\/5877\/revisions\/5879"}],"wp:featuredmedia":[{"embeddable":true,"href":"https:\/\/webdealta.info\/index.php?rest_route=\/wp\/v2\/media\/5878"}],"wp:attachment":[{"href":"https:\/\/webdealta.info\/index.php?rest_route=%2Fwp%2Fv2%2Fmedia&parent=5877"}],"wp:term":[{"taxonomy":"category","embeddable":true,"href":"https:\/\/webdealta.info\/index.php?rest_route=%2Fwp%2Fv2%2Fcategories&post=5877"},{"taxonomy":"post_tag","embeddable":true,"href":"https:\/\/webdealta.info\/index.php?rest_route=%2Fwp%2Fv2%2Ftags&post=5877"}],"curies":[{"name":"wp","href":"https:\/\/api.w.org\/{rel}","templated":true}]}}