{"id":5871,"date":"2022-11-13T20:44:52","date_gmt":"2022-11-14T00:44:52","guid":{"rendered":"https:\/\/webdealta.info\/?p=5871"},"modified":"2022-11-13T20:44:53","modified_gmt":"2022-11-14T00:44:53","slug":"altagracia-servicio-de-agua-potable-cada-dia-mas-deficiente","status":"publish","type":"post","link":"https:\/\/webdealta.info\/?p=5871","title":{"rendered":"Altagracia: servicio de agua potable cada d\u00eda m\u00e1s deficiente"},"content":{"rendered":"\n<p>Amanda Saldivia.-<\/p>\n\n\n\n<p>El servicio de agua potable es cada d\u00eda m\u00e1s deficiente en Altagracia de Orituco. Son diversas las zonas que reportan carecer del suministro, a pesar de estar en el casco central donde no hay un cronograma de sectorizaci\u00f3n, porque es distribuida por gravedad.<\/p>\n\n\n\n<p>Este domingo la Web de Altagracia recibi\u00f3 dos reportes de zonas del casco central que reclaman suministro. Una de ellas es el sector San Carlos, espec\u00edficamente de la calle 4, donde no llega el agua desde m\u00e1s 15 d\u00edas.<\/p>\n\n\n\n<p>All\u00ed habita Silvia R\u00edos, quien argument\u00f3 que no todos tienen el \u201cpoder adquisitivo para comprar el agua, somos personas que trabajamos toda la semana y el fin es para lavar y hacer los quehaceres en nuestros hogares, hablo por todas las familias que estamos padeciendo por esta situaci\u00f3n\u201d.<\/p>\n\n\n\n<p>Al respecto considera que el alcalde Pedro Sol\u00f3rzano debe enfocarse en la problem\u00e1tica, porque \u201cpas\u00f3 a ser casi una emergencia\u201d, seg\u00fan la expresi\u00f3n de Silvia R\u00edos, quien lleva la cuenta de los d\u00edas sin suministro.<\/p>\n\n\n\n<p>Un caso similar se presenta en el sector Brisas del Este. Ah\u00ed le suministro no llega desde hace 10 d\u00edas y la opci\u00f3n de los habitantes es comprar a los llamados cisterneros o recorrer largas distancias, a casas donde algo llega, para poder, aunque sea transportar peque\u00f1as cantidades para saciar la sed.<\/p>\n\n\n\n<p>@amandasaldivia  <\/p>\n\n\n\n<p><\/p>\n","protected":false},"excerpt":{"rendered":"<p>Amanda Saldivia.- El servicio de agua potable es cada d\u00eda m\u00e1s deficiente en Altagracia de Orituco. Son diversas las zonas que reportan carecer del suministro, a pesar de estar en el casco central donde no hay un cronograma de sectorizaci\u00f3n, porque es distribuida por gravedad. Este domingo la Web de<\/p>\n","protected":false},"author":2,"featured_media":5872,"comment_status":"open","ping_status":"open","sticky":false,"template":"","format":"standard","meta":{"advanced_seo_description":"","jetpack_seo_html_title":"","jetpack_seo_noindex":false,"_jetpack_memberships_contains_paid_content":false,"footnotes":"","jetpack_publicize_message":"","jetpack_publicize_feature_enabled":true,"jetpack_social_post_already_shared":true,"jetpack_social_options":{"image_generator_settings":{"template":"highway","enabled":false},"version":2}},"categories":[21],"tags":[8,7,32],"class_list":["post-5871","post","type-post","status-publish","format-standard","has-post-thumbnail","hentry","category-agua-potable","tag-altagraciadeorituco","tag-guarico","tag-webdealta",""],"jetpack_publicize_connections":[],"jetpack_featured_media_url":"https:\/\/webdealta.info\/wp-content\/uploads\/2022\/11\/planta-de-tratamiento-webdealta-2.png","jetpack_sharing_enabled":true,"jetpack_likes_enabled":true,"jetpack-related-posts":[],"jetpack_shortlink":"https:\/\/wp.me\/pcseDn-1wH","_links":{"self":[{"href":"https:\/\/webdealta.info\/index.php?rest_route=\/wp\/v2\/posts\/5871","targetHints":{"allow":["GET"]}}],"collection":[{"href":"https:\/\/webdealta.info\/index.php?rest_route=\/wp\/v2\/posts"}],"about":[{"href":"https:\/\/webdealta.info\/index.php?rest_route=\/wp\/v2\/types\/post"}],"author":[{"embeddable":true,"href":"https:\/\/webdealta.info\/index.php?rest_route=\/wp\/v2\/users\/2"}],"replies":[{"embeddable":true,"href":"https:\/\/webdealta.info\/index.php?rest_route=%2Fwp%2Fv2%2Fcomments&post=5871"}],"version-history":[{"count":1,"href":"https:\/\/webdealta.info\/index.php?rest_route=\/wp\/v2\/posts\/5871\/revisions"}],"predecessor-version":[{"id":5873,"href":"https:\/\/webdealta.info\/index.php?rest_route=\/wp\/v2\/posts\/5871\/revisions\/5873"}],"wp:featuredmedia":[{"embeddable":true,"href":"https:\/\/webdealta.info\/index.php?rest_route=\/wp\/v2\/media\/5872"}],"wp:attachment":[{"href":"https:\/\/webdealta.info\/index.php?rest_route=%2Fwp%2Fv2%2Fmedia&parent=5871"}],"wp:term":[{"taxonomy":"category","embeddable":true,"href":"https:\/\/webdealta.info\/index.php?rest_route=%2Fwp%2Fv2%2Fcategories&post=5871"},{"taxonomy":"post_tag","embeddable":true,"href":"https:\/\/webdealta.info\/index.php?rest_route=%2Fwp%2Fv2%2Ftags&post=5871"}],"curies":[{"name":"wp","href":"https:\/\/api.w.org\/{rel}","templated":true}]}}