{"id":5863,"date":"2022-11-11T13:48:02","date_gmt":"2022-11-11T17:48:02","guid":{"rendered":"https:\/\/webdealta.info\/?p=5863"},"modified":"2022-11-11T13:48:03","modified_gmt":"2022-11-11T17:48:03","slug":"alerta-abundan-caracoles-africanos-en-camoruquito","status":"publish","type":"post","link":"https:\/\/webdealta.info\/?p=5863","title":{"rendered":"Alerta: abundan caracoles africanos en Camoruquito"},"content":{"rendered":"\n<p>Amanda Saldivia.-<\/p>\n\n\n\n<p>Las condiciones clim\u00e1ticas favorecen la proliferaci\u00f3n del caracol africano y en Camoruquito hay en abundancia, raz\u00f3n por la cual la Dra. Marianella Ytriago, directora de la Unidad de Medicina Laboral M &amp; C del Centro M\u00e9dico Orituco y habitante de esa comunidad de Altagracia de Orituco, alert\u00f3 a los padres ante lo expuesto que pueden estar los ni\u00f1os, al no saber que ese \u201cgracioso\u201d molusco puede ser portador de par\u00e1sitos.<\/p>\n\n\n\n<p>\u201cEs muy preocupante la cantidad de caracoles que se est\u00e1n viendo en Camoruquito, espec\u00edficamente en la vereda dos\u2026por eso la prevenci\u00f3n es lo principal, explicarles a los ni\u00f1os, ellos son muy inteligentes y van a entender perfectamente, que no deben tocarlos\u201d, expres\u00f3 la Dra. Ytriago al referirse a cu\u00e1l debe ser el rol de los padres ante la proliferaci\u00f3n de caracoles.<\/p>\n\n\n\n<p>Igualmente, alert\u00f3 que no deben pisarlos, porque \u201cqueda la baba y si ese caracol est\u00e1 contaminado, se pueden quedar en la suela del zapato, vas a tu casa y te llevas restos, sobre todo quienes tenemos ni\u00f1os peque\u00f1os, ni\u00f1os que gatean y nosotros mismos los adultos o los animales\u201d.<\/p>\n\n\n\n<p>En cuanto a c\u00f3mo eliminarlos, se\u00f1al\u00f3 que por lo general se recomienda utilizar alg\u00fan tipo de herramienta para agruparlos y rociarlos con sal, pero \u201csiempre con el uso de guantes y tapabocas\u201d, para no exponerse; adem\u00e1s de enterrarlos para evitar la que baba quede en el lugar.<\/p>\n\n\n\n<p>En referencia al caracol africano, dijo que es una especia invasora de r\u00e1pida reproducci\u00f3n y que las condiciones clim\u00e1ticas han favorecido su reproducci\u00f3n.<\/p>\n\n\n\n<p>Hasta el momentos, varios sectores de Altagracia han reportado presencia del caracol africano, entre ellos est\u00e1 Guaiquer\u00edes y la plaza Bol\u00edvar de Altagracia. Este en un fen\u00f3meno que est\u00e1 extendido al resto del territorio nacional.<\/p>\n\n\n\n<p>@amandasaldivia   <\/p>\n\n\n\n<p><\/p>\n","protected":false},"excerpt":{"rendered":"<p>Amanda Saldivia.- Las condiciones clim\u00e1ticas favorecen la proliferaci\u00f3n del caracol africano y en Camoruquito hay en abundancia, raz\u00f3n por la cual la Dra. Marianella Ytriago, directora de la Unidad de Medicina Laboral M &amp; C del Centro M\u00e9dico Orituco y habitante de esa comunidad de Altagracia de Orituco, alert\u00f3 a<\/p>\n","protected":false},"author":2,"featured_media":5864,"comment_status":"open","ping_status":"open","sticky":false,"template":"","format":"standard","meta":{"advanced_seo_description":"","jetpack_seo_html_title":"","jetpack_seo_noindex":false,"_jetpack_memberships_contains_paid_content":false,"footnotes":"","jetpack_publicize_message":"","jetpack_publicize_feature_enabled":true,"jetpack_social_post_already_shared":true,"jetpack_social_options":{"image_generator_settings":{"template":"highway","enabled":false},"version":2}},"categories":[12],"tags":[8,7,32],"class_list":["post-5863","post","type-post","status-publish","format-standard","has-post-thumbnail","hentry","category-salud","tag-altagraciadeorituco","tag-guarico","tag-webdealta",""],"jetpack_publicize_connections":[],"jetpack_featured_media_url":"https:\/\/webdealta.info\/wp-content\/uploads\/2022\/11\/Dra.-Marianella-Ytriago-webdealta-1.png","jetpack_sharing_enabled":true,"jetpack_likes_enabled":true,"jetpack-related-posts":[],"jetpack_shortlink":"https:\/\/wp.me\/pcseDn-1wz","_links":{"self":[{"href":"https:\/\/webdealta.info\/index.php?rest_route=\/wp\/v2\/posts\/5863","targetHints":{"allow":["GET"]}}],"collection":[{"href":"https:\/\/webdealta.info\/index.php?rest_route=\/wp\/v2\/posts"}],"about":[{"href":"https:\/\/webdealta.info\/index.php?rest_route=\/wp\/v2\/types\/post"}],"author":[{"embeddable":true,"href":"https:\/\/webdealta.info\/index.php?rest_route=\/wp\/v2\/users\/2"}],"replies":[{"embeddable":true,"href":"https:\/\/webdealta.info\/index.php?rest_route=%2Fwp%2Fv2%2Fcomments&post=5863"}],"version-history":[{"count":1,"href":"https:\/\/webdealta.info\/index.php?rest_route=\/wp\/v2\/posts\/5863\/revisions"}],"predecessor-version":[{"id":5865,"href":"https:\/\/webdealta.info\/index.php?rest_route=\/wp\/v2\/posts\/5863\/revisions\/5865"}],"wp:featuredmedia":[{"embeddable":true,"href":"https:\/\/webdealta.info\/index.php?rest_route=\/wp\/v2\/media\/5864"}],"wp:attachment":[{"href":"https:\/\/webdealta.info\/index.php?rest_route=%2Fwp%2Fv2%2Fmedia&parent=5863"}],"wp:term":[{"taxonomy":"category","embeddable":true,"href":"https:\/\/webdealta.info\/index.php?rest_route=%2Fwp%2Fv2%2Fcategories&post=5863"},{"taxonomy":"post_tag","embeddable":true,"href":"https:\/\/webdealta.info\/index.php?rest_route=%2Fwp%2Fv2%2Ftags&post=5863"}],"curies":[{"name":"wp","href":"https:\/\/api.w.org\/{rel}","templated":true}]}}