{"id":5831,"date":"2022-11-06T10:37:28","date_gmt":"2022-11-06T14:37:28","guid":{"rendered":"https:\/\/webdealta.info\/?p=5831"},"modified":"2022-11-06T10:37:29","modified_gmt":"2022-11-06T14:37:29","slug":"altagracia-inicio-diplomado-en-historia-comunal","status":"publish","type":"post","link":"https:\/\/webdealta.info\/?p=5831","title":{"rendered":"Altagracia: inici\u00f3 Diplomado en Historia Comunal"},"content":{"rendered":"\n<p>En las instalaciones del grupo escolar Jos\u00e9 Ram\u00f3n Camejo de Altagracia de Orituco, se inici\u00f3 el pasado s\u00e1bado cinco de noviembre, la clase introductoria de la I Cohorte del diplomado en formaci\u00f3n para Historiadores e Historiadoras Comunales, avalado por el Ministerio del Poder Popular para la Cultura, a trav\u00e9s del Centro Nacional de la Historia.<\/p>\n\n\n\n<p>Dicha iniciativa est\u00e1 a cargo de profesores de amplia experiencia y trayectoria local, como lo son Carmen Hern\u00e1ndez, Jos\u00e9 Carapa, Aldo Grazzina, Mar\u00eda Mart\u00ednez, Henry P\u00e9rez y Carlos L\u00f3pez Garc\u00e9s, Cronista del municipio Monagas, entre otros.<\/p>\n\n\n\n<p>Durante la introducci\u00f3n, se dej\u00f3 claro que el objetivo principal que tiene dicho diplomado es formar nuevas generaciones de Historiadores Comunales, encargados de escribir la realidad en las comunidades.<\/p>\n\n\n\n<p>Vale la pena resaltar, que a la primera clase fue invitada la Dra. Soraya Gonz\u00e1lez, Cronista de San Jos\u00e9 de Guaribe, con m\u00e1s de 27 a\u00f1os de experiencia en Historia y cinco libros de su autor\u00eda.<\/p>\n\n\n\n<p>As\u00ed se inici\u00f3, el pasado s\u00e1bado cinco de noviembre el primer encuentro del diplomado, el cual formar\u00e1n a 47 participantes por un lapso de seis meses.<\/p>\n\n\n\n<p>Informaci\u00f3n y fotograf\u00eda cortes\u00eda de Argenis Reyes  <\/p>\n\n\n\n<p><\/p>\n","protected":false},"excerpt":{"rendered":"<p>En las instalaciones del grupo escolar Jos\u00e9 Ram\u00f3n Camejo de Altagracia de Orituco, se inici\u00f3 el pasado s\u00e1bado cinco de noviembre, la clase introductoria de la I Cohorte del diplomado en formaci\u00f3n para Historiadores e Historiadoras Comunales, avalado por el Ministerio del Poder Popular para la Cultura, a trav\u00e9s del<\/p>\n","protected":false},"author":2,"featured_media":5832,"comment_status":"open","ping_status":"open","sticky":false,"template":"","format":"standard","meta":{"advanced_seo_description":"","jetpack_seo_html_title":"","jetpack_seo_noindex":false,"_jetpack_memberships_contains_paid_content":false,"footnotes":"","jetpack_publicize_message":"","jetpack_publicize_feature_enabled":true,"jetpack_social_post_already_shared":true,"jetpack_social_options":{"image_generator_settings":{"template":"highway","enabled":false},"version":2}},"categories":[151],"tags":[8,7,32],"class_list":["post-5831","post","type-post","status-publish","format-standard","has-post-thumbnail","hentry","category-educacion","tag-altagraciadeorituco","tag-guarico","tag-webdealta",""],"jetpack_publicize_connections":[],"jetpack_featured_media_url":"https:\/\/webdealta.info\/wp-content\/uploads\/2022\/11\/historia-comunal-webdealta.png","jetpack_sharing_enabled":true,"jetpack_likes_enabled":true,"jetpack-related-posts":[],"jetpack_shortlink":"https:\/\/wp.me\/pcseDn-1w3","_links":{"self":[{"href":"https:\/\/webdealta.info\/index.php?rest_route=\/wp\/v2\/posts\/5831","targetHints":{"allow":["GET"]}}],"collection":[{"href":"https:\/\/webdealta.info\/index.php?rest_route=\/wp\/v2\/posts"}],"about":[{"href":"https:\/\/webdealta.info\/index.php?rest_route=\/wp\/v2\/types\/post"}],"author":[{"embeddable":true,"href":"https:\/\/webdealta.info\/index.php?rest_route=\/wp\/v2\/users\/2"}],"replies":[{"embeddable":true,"href":"https:\/\/webdealta.info\/index.php?rest_route=%2Fwp%2Fv2%2Fcomments&post=5831"}],"version-history":[{"count":1,"href":"https:\/\/webdealta.info\/index.php?rest_route=\/wp\/v2\/posts\/5831\/revisions"}],"predecessor-version":[{"id":5833,"href":"https:\/\/webdealta.info\/index.php?rest_route=\/wp\/v2\/posts\/5831\/revisions\/5833"}],"wp:featuredmedia":[{"embeddable":true,"href":"https:\/\/webdealta.info\/index.php?rest_route=\/wp\/v2\/media\/5832"}],"wp:attachment":[{"href":"https:\/\/webdealta.info\/index.php?rest_route=%2Fwp%2Fv2%2Fmedia&parent=5831"}],"wp:term":[{"taxonomy":"category","embeddable":true,"href":"https:\/\/webdealta.info\/index.php?rest_route=%2Fwp%2Fv2%2Fcategories&post=5831"},{"taxonomy":"post_tag","embeddable":true,"href":"https:\/\/webdealta.info\/index.php?rest_route=%2Fwp%2Fv2%2Ftags&post=5831"}],"curies":[{"name":"wp","href":"https:\/\/api.w.org\/{rel}","templated":true}]}}