{"id":5824,"date":"2022-11-05T11:38:16","date_gmt":"2022-11-05T15:38:16","guid":{"rendered":"https:\/\/webdealta.info\/?p=5824"},"modified":"2022-11-05T11:38:17","modified_gmt":"2022-11-05T15:38:17","slug":"el-poder-de-conocimiento-cantautor-gracitano-ramon-infante","status":"publish","type":"post","link":"https:\/\/webdealta.info\/?p=5824","title":{"rendered":"El Poder de Conocimiento: cantautor gracitano Ram\u00f3n Infante"},"content":{"rendered":"\n<p>Amanda Saldivia.-<\/p>\n\n\n\n<p>En el recuerdo de muchos gracitanos est\u00e1 Ram\u00f3n Infante. Sus canciones siguen sonando en las emisoras de radio y son parte de la identidad de Altagracia de Orituco, tierra en la cual naci\u00f3 el 22 de marzo de 1936 y donde tambi\u00e9n fue despedido con honores, tras el accidente en el cual perdi\u00f3 la vida, el 17 de febrero de 1988.<\/p>\n\n\n\n<p>Parte de su biograf\u00eda, fue recopilada por Julio C\u00e9sar Infante Abreu, quien resalta que Ram\u00f3n Infante, es realmente el nombre art\u00edstico que escogi\u00f3 su hermano, en honor al padre de ambos. As\u00ed que realmente se llamaba Jos\u00e9 Domingo Infante Abreu, hijo de Ram\u00f3n Infante Alcal\u00e1 y Esther Abreu D\u00edaz.<\/p>\n\n\n\n<p>Tal vez la faceta que algunos desconocen es que Jos\u00e9 Domingo de 15 a\u00f1os de edad se fue a Caracas con la intenci\u00f3n de estudiar en la escuela de Artes Pl\u00e1sticas, otra de las facetas art\u00edstica de este gracitano.<\/p>\n\n\n\n<p>Sin embargo, fue definitivamente el canto la inclinaci\u00f3n mayor y de all\u00ed naci\u00f3 Ram\u00f3n Infante, figura art\u00edstica que realz\u00f3 el gentilicio de esta regi\u00f3n guarique\u00f1a y que sigue vigente en el recuerdo de quienes lo acompa\u00f1aban en las parrandas interminables y en las nuevas generaciones, porque sus temas, esa potente voz que le canta a Altagracia, al r\u00edo Orituco, qued\u00f3 inmortalizada en las producciones discogr\u00e1ficas.<\/p>\n\n\n\n<p>Un dato interesante, es que Ram\u00f3n Infante fue uno de los primeros en grabar la canci\u00f3n Ansiedad de Cheliche Sarabia y con ese mismo nombre bautiz\u00f3 el primer LP. Ese fue el punto de partida de una carrera art\u00edstica que lo llev\u00f3 a la radio, televisi\u00f3n, lugares nocturnos en Caracas y presentaciones en distintos estados del pa\u00eds.<\/p>\n\n\n\n<p>As\u00ed como brill\u00f3 en los escenarios, igualmente destac\u00f3 como compositor y su hermano Julio C\u00e9sar, nos cont\u00f3 que sus canciones, tales como Luna de Enero, Historia de un Ruise\u00f1or, Tras de Tus Huellas que fueron \u00e9xitos en su voz, tambi\u00e9n las grabaron por otros conocidos int\u00e9rpretes. Es que Ram\u00f3n Infante compuso m\u00e1s de 100 temas, muchos de ellos dedicado a su eterno amor\u2026Altagracia de Orituco.<\/p>\n\n\n\n<p>Uno de los temas destacados de Ram\u00f3n Infante es El Vals de Altagracia, considerado el segundo himno de esta poblaci\u00f3n. Que gratificante es escuchar su melod\u00eda, esa letra que describe las bondades de esta tierra.<\/p>\n\n\n\n<p>Este fue el tema de la semana en la serie de micros El Poder del Conocimiento, iniciativa de Promasorca, con un aporte para enriquecer los saberes con curiosidades, an\u00e9cdotas e historias interesantes de nuestra regi\u00f3n orituque\u00f1a y del mundo.<\/p>\n\n\n\n<p>@amandasaldivia  <\/p>\n\n\n\n<p><\/p>\n","protected":false},"excerpt":{"rendered":"<p>Amanda Saldivia.- En el recuerdo de muchos gracitanos est\u00e1 Ram\u00f3n Infante. Sus canciones siguen sonando en las emisoras de radio y son parte de la identidad de Altagracia de Orituco, tierra en la cual naci\u00f3 el 22 de marzo de 1936 y donde tambi\u00e9n fue despedido con honores, tras el<\/p>\n","protected":false},"author":2,"featured_media":5825,"comment_status":"open","ping_status":"open","sticky":false,"template":"","format":"standard","meta":{"advanced_seo_description":"","jetpack_seo_html_title":"","jetpack_seo_noindex":false,"_jetpack_memberships_contains_paid_content":false,"footnotes":"","jetpack_publicize_message":"","jetpack_publicize_feature_enabled":true,"jetpack_social_post_already_shared":true,"jetpack_social_options":{"image_generator_settings":{"template":"highway","enabled":false},"version":2}},"categories":[302],"tags":[8,7,32],"class_list":["post-5824","post","type-post","status-publish","format-standard","has-post-thumbnail","hentry","category-el-poder-del-conocimiento","tag-altagraciadeorituco","tag-guarico","tag-webdealta",""],"jetpack_publicize_connections":[],"jetpack_featured_media_url":"https:\/\/webdealta.info\/wp-content\/uploads\/2022\/11\/ramon-infante-altagraciua-webdealta.png","jetpack_sharing_enabled":true,"jetpack_likes_enabled":true,"jetpack-related-posts":[],"jetpack_shortlink":"https:\/\/wp.me\/pcseDn-1vW","_links":{"self":[{"href":"https:\/\/webdealta.info\/index.php?rest_route=\/wp\/v2\/posts\/5824","targetHints":{"allow":["GET"]}}],"collection":[{"href":"https:\/\/webdealta.info\/index.php?rest_route=\/wp\/v2\/posts"}],"about":[{"href":"https:\/\/webdealta.info\/index.php?rest_route=\/wp\/v2\/types\/post"}],"author":[{"embeddable":true,"href":"https:\/\/webdealta.info\/index.php?rest_route=\/wp\/v2\/users\/2"}],"replies":[{"embeddable":true,"href":"https:\/\/webdealta.info\/index.php?rest_route=%2Fwp%2Fv2%2Fcomments&post=5824"}],"version-history":[{"count":1,"href":"https:\/\/webdealta.info\/index.php?rest_route=\/wp\/v2\/posts\/5824\/revisions"}],"predecessor-version":[{"id":5826,"href":"https:\/\/webdealta.info\/index.php?rest_route=\/wp\/v2\/posts\/5824\/revisions\/5826"}],"wp:featuredmedia":[{"embeddable":true,"href":"https:\/\/webdealta.info\/index.php?rest_route=\/wp\/v2\/media\/5825"}],"wp:attachment":[{"href":"https:\/\/webdealta.info\/index.php?rest_route=%2Fwp%2Fv2%2Fmedia&parent=5824"}],"wp:term":[{"taxonomy":"category","embeddable":true,"href":"https:\/\/webdealta.info\/index.php?rest_route=%2Fwp%2Fv2%2Fcategories&post=5824"},{"taxonomy":"post_tag","embeddable":true,"href":"https:\/\/webdealta.info\/index.php?rest_route=%2Fwp%2Fv2%2Ftags&post=5824"}],"curies":[{"name":"wp","href":"https:\/\/api.w.org\/{rel}","templated":true}]}}