{"id":5815,"date":"2022-11-02T22:37:14","date_gmt":"2022-11-03T02:37:14","guid":{"rendered":"https:\/\/webdealta.info\/?p=5815"},"modified":"2022-11-02T22:37:15","modified_gmt":"2022-11-03T02:37:15","slug":"expo-guarico-2022-exhibe-potencialidades-del-llano-a-toda-venezuela","status":"publish","type":"post","link":"https:\/\/webdealta.info\/?p=5815","title":{"rendered":"Expo Gu\u00e1rico 2022 exhibe potencialidades del llano a toda Venezuela"},"content":{"rendered":"\n<p>A partir de este jueves 3 de noviembre hasta el domingo 6 del mismo mes, desde los espacios del Parque R\u00f3mulo Gallegos, ubicado en la ciudad de Calabozo, municipio Francisco de Miranda, la \u00abExpo Gu\u00e1rico 2022\u00bb abre sus puertas para exhibir las potencialidades de esta regi\u00f3n en diversas \u00e1reas a toda Venezuela y continuar fortaleciendo el aparato econ\u00f3mico y productivo junto a empresarios, productores, emprendedores y m\u00e1s.<\/p>\n\n\n\n<p>\u00abLa invitaci\u00f3n es para todo el pueblo guarique\u00f1o y Venezuela en general a que se acerque a la Expo Gu\u00e1rico y disfrute de cada una de las actividades que tendremos en general\u00bb, manifest\u00f3 el gobernador Jos\u00e9 V\u00e1squez durante un encuentro con los medios de comunicaci\u00f3n social a nivel regional y nacional desde la ciudad de San Juan de los Morros, durante la cual ofreci\u00f3 detalles previos a la inauguraci\u00f3n oficial de esta exposici\u00f3n de potencias, la cual lleva un registro de participaci\u00f3n con m\u00e1s de 400 stand en \u00e1reas como ganader\u00eda, maquinaria, empresarial, institucional, gastronom\u00eda, turismo, producci\u00f3n, entre otras.<\/p>\n\n\n\n<p>V\u00e1squez asegur\u00f3 que esta nueva edici\u00f3n contin\u00faa teniendo como objetivo ampliar el desarrollo de la entidad, generando las condiciones propicias para incentivar la inversi\u00f3n de sectores estrat\u00e9gicos, consolidar ruedas de negocios entre sectores privados y productores, as\u00ed como el intercambio de conocimiento, teniendo una visi\u00f3n prospectiva de avanzar en la amplitud de las capacidades, por lo cual emprendedores, peque\u00f1os, medianos y grandes productores podr\u00e1n optar a financiamientos para mejorar sus actividades econ\u00f3micas.<\/p>\n\n\n\n<p>\u00abEl impacto de la Expo tambi\u00e9n radica en la transformaci\u00f3n econ\u00f3mica generada en el municipio, desde donde est\u00e1 se realiza. En este caso, la cadena hotelera, restaurantes y \u00e1reas comerciales de Calabozo ya tienen una alta demanda, donde ya se han llenado con reservaciones\u00bb, explic\u00f3 el Mandatario Regional, al tiempo que se\u00f1al\u00f3 que esto permite generar una evaluaci\u00f3n de las condiciones de cada ciudad para mejorar ciertos aspectos y avanzar hacia su desarrollo estrat\u00e9gico c\u00f3mo ciudad potencia. Del mismo modo, indic\u00f3 que en el \u00e1mbito social la poblaci\u00f3n contar\u00e1 con actividades recreativas y culturales para el disfrute en familia durante cuatro d\u00edas.<\/p>\n\n\n\n<p>A su vez, V\u00e1squez asegur\u00f3 que este evento adem\u00e1s concentra la voluntad de los productores y empresas del estado que conf\u00edan en la inversi\u00f3n por el desarrollo autosustentable de la entidad, confiando en esta alternativa que prev\u00e9 incrementar el potencial de Gu\u00e1rico y fijarlo como referencia a nivel nacional en cada modelo productivo.\/MG<\/p>\n\n\n\n<p><strong>Sibci &#8211; Gu\u00e1rico<\/strong>  <\/p>\n\n\n\n<p><\/p>\n","protected":false},"excerpt":{"rendered":"<p>A partir de este jueves 3 de noviembre hasta el domingo 6 del mismo mes, desde los espacios del Parque R\u00f3mulo Gallegos, ubicado en la ciudad de Calabozo, municipio Francisco de Miranda, la \u00abExpo Gu\u00e1rico 2022\u00bb abre sus puertas para exhibir las potencialidades de esta regi\u00f3n en diversas \u00e1reas a<\/p>\n","protected":false},"author":2,"featured_media":5816,"comment_status":"open","ping_status":"open","sticky":false,"template":"","format":"standard","meta":{"advanced_seo_description":"","jetpack_seo_html_title":"","jetpack_seo_noindex":false,"_jetpack_memberships_contains_paid_content":false,"footnotes":"","jetpack_publicize_message":"","jetpack_publicize_feature_enabled":true,"jetpack_social_post_already_shared":true,"jetpack_social_options":{"image_generator_settings":{"template":"highway","enabled":false},"version":2}},"categories":[284],"tags":[8,7,32],"class_list":["post-5815","post","type-post","status-publish","format-standard","has-post-thumbnail","hentry","category-gobierno-de-guarico","tag-altagraciadeorituco","tag-guarico","tag-webdealta",""],"jetpack_publicize_connections":[],"jetpack_featured_media_url":"https:\/\/webdealta.info\/wp-content\/uploads\/2022\/11\/expo-guarico-altagracia-webdealta.png","jetpack_sharing_enabled":true,"jetpack_likes_enabled":true,"jetpack-related-posts":[],"jetpack_shortlink":"https:\/\/wp.me\/pcseDn-1vN","_links":{"self":[{"href":"https:\/\/webdealta.info\/index.php?rest_route=\/wp\/v2\/posts\/5815","targetHints":{"allow":["GET"]}}],"collection":[{"href":"https:\/\/webdealta.info\/index.php?rest_route=\/wp\/v2\/posts"}],"about":[{"href":"https:\/\/webdealta.info\/index.php?rest_route=\/wp\/v2\/types\/post"}],"author":[{"embeddable":true,"href":"https:\/\/webdealta.info\/index.php?rest_route=\/wp\/v2\/users\/2"}],"replies":[{"embeddable":true,"href":"https:\/\/webdealta.info\/index.php?rest_route=%2Fwp%2Fv2%2Fcomments&post=5815"}],"version-history":[{"count":1,"href":"https:\/\/webdealta.info\/index.php?rest_route=\/wp\/v2\/posts\/5815\/revisions"}],"predecessor-version":[{"id":5817,"href":"https:\/\/webdealta.info\/index.php?rest_route=\/wp\/v2\/posts\/5815\/revisions\/5817"}],"wp:featuredmedia":[{"embeddable":true,"href":"https:\/\/webdealta.info\/index.php?rest_route=\/wp\/v2\/media\/5816"}],"wp:attachment":[{"href":"https:\/\/webdealta.info\/index.php?rest_route=%2Fwp%2Fv2%2Fmedia&parent=5815"}],"wp:term":[{"taxonomy":"category","embeddable":true,"href":"https:\/\/webdealta.info\/index.php?rest_route=%2Fwp%2Fv2%2Fcategories&post=5815"},{"taxonomy":"post_tag","embeddable":true,"href":"https:\/\/webdealta.info\/index.php?rest_route=%2Fwp%2Fv2%2Ftags&post=5815"}],"curies":[{"name":"wp","href":"https:\/\/api.w.org\/{rel}","templated":true}]}}