{"id":5807,"date":"2022-11-02T21:55:27","date_gmt":"2022-11-03T01:55:27","guid":{"rendered":"https:\/\/webdealta.info\/?p=5807"},"modified":"2022-11-02T21:55:29","modified_gmt":"2022-11-03T01:55:29","slug":"misa-a-los-fieles-difuntos-a-las-afueras-del-cementerio-municipal","status":"publish","type":"post","link":"https:\/\/webdealta.info\/?p=5807","title":{"rendered":"Misa a los Fieles Difuntos a las afueras del Cementerio Municipal"},"content":{"rendered":"\n<p>Amanda Saldivia.-<\/p>\n\n\n\n<p>Por segundo a\u00f1o consecutivo, el padre Luis M\u00e1rquez, p\u00e1rroco de San Jos\u00e9 Obrero, con el apoyo de la C\u00e1mara de Comercio, ofici\u00f3 la misa del D\u00eda de los Fieles Difuntos en la calle Vuelvan Caras, al frente del cementerio municipal de Altagracia de Orituco.<\/p>\n\n\n\n<p>En la homil\u00eda el padre, record\u00f3 la muerte de Jes\u00fas en la cruz, el momento de la resurrecci\u00f3n y que \u00e9l se hace cercano ante la experiencia de la muerte, no solo la suya, sino la de seres queridos para \u00e9l como lo fue Jos\u00e9 o su amigo L\u00e1zaro.<\/p>\n\n\n\n<p>Al referirse a los sentimientos encontrados que despierta la fecha, en el cual se honra a quienes fallecieron, el padre M\u00e1rquez expres\u00f3 que \u201can\u00edmicamente yo s\u00e9 que no estamos bien\u2026s\u00e9 que hoy duele la ausencia, s\u00e9 que hoy duele la partida del ser querido, digo partida, no digo p\u00e9rdida, porque el ser querido nunca lo perdemos, parte, pero no lo perdemos\u201d.<\/p>\n\n\n\n<p>Llam\u00f3 a entender que a cada uno nos llega el d\u00eda de partir, pero que debemos reconfortarnos con la promesa de reencontrarnos con nuestros seres queridos que partieron, cuando llegue ese momento.<\/p>\n\n\n\n<p>Entre los asistentes, destac\u00f3 la presencia de Pablo Rojas, presidente de la C\u00e1mara de Comercio y otros directivos del gremio de comerciantes del municipio Monagas, as\u00ed como feligreses que se unieron en oraci\u00f3n por los fieles difuntos.<\/p>\n\n\n\n<p>@amandasaldivia   <\/p>\n\n\n\n<p><\/p>\n","protected":false},"excerpt":{"rendered":"<p>Amanda Saldivia.- Por segundo a\u00f1o consecutivo, el padre Luis M\u00e1rquez, p\u00e1rroco de San Jos\u00e9 Obrero, con el apoyo de la C\u00e1mara de Comercio, ofici\u00f3 la misa del D\u00eda de los Fieles Difuntos en la calle Vuelvan Caras, al frente del cementerio municipal de Altagracia de Orituco. En la homil\u00eda el<\/p>\n","protected":false},"author":2,"featured_media":5808,"comment_status":"open","ping_status":"open","sticky":false,"template":"","format":"standard","meta":{"advanced_seo_description":"","jetpack_seo_html_title":"","jetpack_seo_noindex":false,"_jetpack_memberships_contains_paid_content":false,"footnotes":"","jetpack_publicize_message":"","jetpack_publicize_feature_enabled":true,"jetpack_social_post_already_shared":true,"jetpack_social_options":{"image_generator_settings":{"template":"highway","enabled":false},"version":2}},"categories":[42],"tags":[8,7,32],"class_list":["post-5807","post","type-post","status-publish","format-standard","has-post-thumbnail","hentry","category-iglesia-catolica","tag-altagraciadeorituco","tag-guarico","tag-webdealta",""],"jetpack_publicize_connections":[],"jetpack_featured_media_url":"https:\/\/webdealta.info\/wp-content\/uploads\/2022\/11\/misa-files-difuntos-webdealta.png","jetpack_sharing_enabled":true,"jetpack_likes_enabled":true,"jetpack-related-posts":[],"jetpack_shortlink":"https:\/\/wp.me\/pcseDn-1vF","_links":{"self":[{"href":"https:\/\/webdealta.info\/index.php?rest_route=\/wp\/v2\/posts\/5807","targetHints":{"allow":["GET"]}}],"collection":[{"href":"https:\/\/webdealta.info\/index.php?rest_route=\/wp\/v2\/posts"}],"about":[{"href":"https:\/\/webdealta.info\/index.php?rest_route=\/wp\/v2\/types\/post"}],"author":[{"embeddable":true,"href":"https:\/\/webdealta.info\/index.php?rest_route=\/wp\/v2\/users\/2"}],"replies":[{"embeddable":true,"href":"https:\/\/webdealta.info\/index.php?rest_route=%2Fwp%2Fv2%2Fcomments&post=5807"}],"version-history":[{"count":1,"href":"https:\/\/webdealta.info\/index.php?rest_route=\/wp\/v2\/posts\/5807\/revisions"}],"predecessor-version":[{"id":5809,"href":"https:\/\/webdealta.info\/index.php?rest_route=\/wp\/v2\/posts\/5807\/revisions\/5809"}],"wp:featuredmedia":[{"embeddable":true,"href":"https:\/\/webdealta.info\/index.php?rest_route=\/wp\/v2\/media\/5808"}],"wp:attachment":[{"href":"https:\/\/webdealta.info\/index.php?rest_route=%2Fwp%2Fv2%2Fmedia&parent=5807"}],"wp:term":[{"taxonomy":"category","embeddable":true,"href":"https:\/\/webdealta.info\/index.php?rest_route=%2Fwp%2Fv2%2Fcategories&post=5807"},{"taxonomy":"post_tag","embeddable":true,"href":"https:\/\/webdealta.info\/index.php?rest_route=%2Fwp%2Fv2%2Ftags&post=5807"}],"curies":[{"name":"wp","href":"https:\/\/api.w.org\/{rel}","templated":true}]}}