{"id":5795,"date":"2022-10-31T20:45:01","date_gmt":"2022-11-01T00:45:01","guid":{"rendered":"https:\/\/webdealta.info\/?p=5795"},"modified":"2022-10-31T20:45:03","modified_gmt":"2022-11-01T00:45:03","slug":"coral-y-nuevos-cursos-impulsa-funpmac-para-cerrar-2022","status":"publish","type":"post","link":"https:\/\/webdealta.info\/?p=5795","title":{"rendered":"Coral y nuevos cursos impulsa FUNPMAC para cerrar 2022"},"content":{"rendered":"\n<p>Amanda Saldivia.-<\/p>\n\n\n\n<p>Con la creaci\u00f3n de la Cantor\u00eda de la Funpmac, un nuevo ciclo de talleres y actividades deportivas, cierra el a\u00f1o 2022 la Fundaci\u00f3n Dr. Pedro Mar\u00eda Ar\u00e9valo de Altagracia de Orituco, instituci\u00f3n que naci\u00f3 hace m\u00e1s de 40 a\u00f1os para el fomento del quehacer cultural de esta regi\u00f3n del estado Gu\u00e1rico. &nbsp;<\/p>\n\n\n\n<p>Este lunes 31 de octubre, Mar\u00eda P\u00e9rez Pe\u00f1alver y Eduardo Adames, integrantes de la directiva, difundieron la informaci\u00f3n en el programa Tiempo de Cambios que se transmite a trav\u00e9s de la emisora Activa 104.9 FM.<\/p>\n\n\n\n<p>Respecto a la coral, la cual ser\u00e1 identificada con el nombre de Cantor\u00eda de la Funpmac, explicaron que estar\u00e1 a cargo del profesor Abisay Araujo, con clases te\u00f3ricas y pr\u00e1cticas en ambientes compartidos, entre la sede de la orquesta sinf\u00f3nica Rafael Magdaleno Infante Bandres y la fundaci\u00f3n, la cual est\u00e1 ubicada en la calle Ilustres Pr\u00f3ceres de esta localidad.<\/p>\n\n\n\n<p>Sobre los talleres, dijeron que est\u00e1n abiertas las inscripciones para dibujo inicial, pintura, rostros, talla de madera, elaboraci\u00f3n de quesos navide\u00f1os, pan de jam\u00f3n, vinos artesanales y cacaoter\u00eda, raz\u00f3n por la cual los interesados deben visitar la sede para m\u00e1s detalles, entre ellos fecha e inversi\u00f3n.<\/p>\n\n\n\n<p>Para cerrar, anunciaron que est\u00e1 en proceso concretar la organizaci\u00f3n de una carrera de 10K para mediados de diciembre y un torneo de voleibol, pero est\u00e1n afinando los detalles, as\u00ed como tambi\u00e9n la planificaci\u00f3n de una jornada musical que evoque las serenatas gracitanas.<\/p>\n\n\n\n<p>@amandasaldivia  <\/p>\n\n\n\n<p><\/p>\n","protected":false},"excerpt":{"rendered":"<p>Amanda Saldivia.- Con la creaci\u00f3n de la Cantor\u00eda de la Funpmac, un nuevo ciclo de talleres y actividades deportivas, cierra el a\u00f1o 2022 la Fundaci\u00f3n Dr. Pedro Mar\u00eda Ar\u00e9valo de Altagracia de Orituco, instituci\u00f3n que naci\u00f3 hace m\u00e1s de 40 a\u00f1os para el fomento del quehacer cultural de esta regi\u00f3n<\/p>\n","protected":false},"author":2,"featured_media":5796,"comment_status":"open","ping_status":"open","sticky":false,"template":"","format":"standard","meta":{"advanced_seo_description":"","jetpack_seo_html_title":"","jetpack_seo_noindex":false,"_jetpack_memberships_contains_paid_content":false,"footnotes":"","jetpack_publicize_message":"","jetpack_publicize_feature_enabled":true,"jetpack_social_post_already_shared":true,"jetpack_social_options":{"image_generator_settings":{"template":"highway","enabled":false},"version":2}},"categories":[327],"tags":[8,7,32],"class_list":["post-5795","post","type-post","status-publish","format-standard","has-post-thumbnail","hentry","category-cultura","tag-altagraciadeorituco","tag-guarico","tag-webdealta",""],"jetpack_publicize_connections":[],"jetpack_featured_media_url":"https:\/\/webdealta.info\/wp-content\/uploads\/2022\/10\/coral-webdealta.png","jetpack_sharing_enabled":true,"jetpack_likes_enabled":true,"jetpack-related-posts":[],"jetpack_shortlink":"https:\/\/wp.me\/pcseDn-1vt","_links":{"self":[{"href":"https:\/\/webdealta.info\/index.php?rest_route=\/wp\/v2\/posts\/5795","targetHints":{"allow":["GET"]}}],"collection":[{"href":"https:\/\/webdealta.info\/index.php?rest_route=\/wp\/v2\/posts"}],"about":[{"href":"https:\/\/webdealta.info\/index.php?rest_route=\/wp\/v2\/types\/post"}],"author":[{"embeddable":true,"href":"https:\/\/webdealta.info\/index.php?rest_route=\/wp\/v2\/users\/2"}],"replies":[{"embeddable":true,"href":"https:\/\/webdealta.info\/index.php?rest_route=%2Fwp%2Fv2%2Fcomments&post=5795"}],"version-history":[{"count":1,"href":"https:\/\/webdealta.info\/index.php?rest_route=\/wp\/v2\/posts\/5795\/revisions"}],"predecessor-version":[{"id":5797,"href":"https:\/\/webdealta.info\/index.php?rest_route=\/wp\/v2\/posts\/5795\/revisions\/5797"}],"wp:featuredmedia":[{"embeddable":true,"href":"https:\/\/webdealta.info\/index.php?rest_route=\/wp\/v2\/media\/5796"}],"wp:attachment":[{"href":"https:\/\/webdealta.info\/index.php?rest_route=%2Fwp%2Fv2%2Fmedia&parent=5795"}],"wp:term":[{"taxonomy":"category","embeddable":true,"href":"https:\/\/webdealta.info\/index.php?rest_route=%2Fwp%2Fv2%2Fcategories&post=5795"},{"taxonomy":"post_tag","embeddable":true,"href":"https:\/\/webdealta.info\/index.php?rest_route=%2Fwp%2Fv2%2Ftags&post=5795"}],"curies":[{"name":"wp","href":"https:\/\/api.w.org\/{rel}","templated":true}]}}