{"id":5785,"date":"2022-10-29T15:43:40","date_gmt":"2022-10-29T19:43:40","guid":{"rendered":"https:\/\/webdealta.info\/?p=5785"},"modified":"2022-10-29T15:43:41","modified_gmt":"2022-10-29T19:43:41","slug":"el-poder-del-conocimiento-el-gentilicio-de-altagracia-es-gracitano-o-altagraciano","status":"publish","type":"post","link":"https:\/\/webdealta.info\/?p=5785","title":{"rendered":"El Poder del Conocimiento: el gentilicio de Altagracia es \u00bfgracitano o altagraciano?"},"content":{"rendered":"\n<p>Amanda Saldivia.-<\/p>\n\n\n\n<p>Con el gentilicio de gracitano se conoce a quienes nacieron en Altagracia de Orituco, aunque tambi\u00e9n es usado altagraciano, porque se trata de distinguir a los devotos de Nuestra Se\u00f1ora de Altagracia.<\/p>\n\n\n\n<p>La explicaci\u00f3n est\u00e1 contenida en el libro Altagracia de Orituco: Un Top\u00f3nimo y su gentilicio del Dr. Carlos L\u00f3pez Garc\u00e9s, cronista de esta regi\u00f3n guarique\u00f1a, quien aporta datos interesantes y deja claro que usar el \u201ct\u00e9rmino gracitano no es error, utilizar altagraciano tampoco, ni lo ser\u00e1 la palabra surgida popularmente y transformada en un gentilicio com\u00fan\u201d.<\/p>\n\n\n\n<p>No deja de llamar la atenci\u00f3n que en otras regiones que llevan el nombre de Altagracia, tambi\u00e9n ocurre lo mismo, utilizan altagracianos y gracitanos, lo que deja claro que la denominaci\u00f3n de gracitano no es exclusiva de Altagracia de Orituco.<\/p>\n\n\n\n<p>Eso lo explica el autor, en el cap\u00edtulo dedicado al gentilicio de Altagracia y a la visi\u00f3n de algunos de ver la utilizaci\u00f3n de un t\u00e9rmino u otro, como un error.<\/p>\n\n\n\n<p>En distintas citas est\u00e1 el caso del pueblo de Altagracia, en la Isla de Margarita, estado Nueva Esparta, el cual es mencionado en un art\u00edculo de peri\u00f3dico del a\u00f1o 1991 como comunidad gracitana. Caso similar que se da con la Asociaci\u00f3n de Comerciantes Gracitana de la esquina de Truco, en la parroquia Altagracia, Caracas.<\/p>\n\n\n\n<p>En medio del empleo de ambos t\u00e9rminos para referirse a los nacidos en esta tierra, resulta interesante saber, cu\u00e1ndo comenz\u00f3 a utilizarse la denominaci\u00f3n de gracitano.<\/p>\n\n\n\n<p>El dato aportado por el Dr. Carlos L\u00f3pez Garc\u00e9s, es extraordinario, porque al menos como registro lo us\u00f3 nada m\u00e1s y nada menos que Adolfo Antonio Machado, considerado el primer cronista de este pueblo, quien de pu\u00f1o y letra escribi\u00f3 entre los a\u00f1os 1875 y 1899\u2026\u201cLos gracitanos se dedicaron poco al cultivo del a\u00f1il\u2026\u201d, dato que remont\u00f3 el uso de este t\u00e9rmino a m\u00e1s de 120 a\u00f1os.<\/p>\n\n\n\n<p>Otros connotados escritores, como lo fue el historiador calaboce\u00f1o Blas Loreto Loreto, en una conferencia dictada en Altagracia de Orituco el 16 de septiembre de 1981, mencion\u00f3 el \u201caltagraciano Ilustre Concejo Municipal\u2026\u201d, as\u00ed lo cita el doctor Carlos L\u00f3pez Garc\u00e9s, cronista de la ciudad.<\/p>\n\n\n\n<p>Lo cierto, es que el gentilicio de Altagracia siempre llama la atenci\u00f3n y es com\u00fan que te pregunten, c\u00f3mo les dicen a los nacidos en Altagracia y la respuesta com\u00fan es\u2026gracitanos, expresi\u00f3n que siempre va acompa\u00f1ada con una amplia sonrisa, por parte de ciudadanos que tienen la dicha de haber nacido en esta tierra de Gracia<\/p>\n\n\n\n<p>Ese fue el texto del micro El Poder del Conocimiento, espacio de la empresa Promasorca, para espacio para enriquecer los saberes con curiosidades, an\u00e9cdotas e historias interesantes de nuestra regi\u00f3n Orituque\u00f1a y del mundo.<\/p>\n\n\n\n<p>@amandasaldivia  <\/p>\n\n\n\n<p><\/p>\n","protected":false},"excerpt":{"rendered":"<p>Amanda Saldivia.- Con el gentilicio de gracitano se conoce a quienes nacieron en Altagracia de Orituco, aunque tambi\u00e9n es usado altagraciano, porque se trata de distinguir a los devotos de Nuestra Se\u00f1ora de Altagracia. La explicaci\u00f3n est\u00e1 contenida en el libro Altagracia de Orituco: Un Top\u00f3nimo y su gentilicio del<\/p>\n","protected":false},"author":2,"featured_media":4310,"comment_status":"open","ping_status":"open","sticky":false,"template":"","format":"standard","meta":{"advanced_seo_description":"","jetpack_seo_html_title":"","jetpack_seo_noindex":false,"_jetpack_memberships_contains_paid_content":false,"footnotes":"","jetpack_publicize_message":"","jetpack_publicize_feature_enabled":true,"jetpack_social_post_already_shared":true,"jetpack_social_options":{"image_generator_settings":{"template":"highway","enabled":false},"version":2}},"categories":[302],"tags":[],"class_list":["post-5785","post","type-post","status-publish","format-standard","has-post-thumbnail","hentry","category-el-poder-del-conocimiento",""],"jetpack_publicize_connections":[],"jetpack_featured_media_url":"https:\/\/webdealta.info\/wp-content\/uploads\/2022\/03\/altagracia-webdealta.png","jetpack_sharing_enabled":true,"jetpack_likes_enabled":true,"jetpack-related-posts":[],"jetpack_shortlink":"https:\/\/wp.me\/pcseDn-1vj","_links":{"self":[{"href":"https:\/\/webdealta.info\/index.php?rest_route=\/wp\/v2\/posts\/5785","targetHints":{"allow":["GET"]}}],"collection":[{"href":"https:\/\/webdealta.info\/index.php?rest_route=\/wp\/v2\/posts"}],"about":[{"href":"https:\/\/webdealta.info\/index.php?rest_route=\/wp\/v2\/types\/post"}],"author":[{"embeddable":true,"href":"https:\/\/webdealta.info\/index.php?rest_route=\/wp\/v2\/users\/2"}],"replies":[{"embeddable":true,"href":"https:\/\/webdealta.info\/index.php?rest_route=%2Fwp%2Fv2%2Fcomments&post=5785"}],"version-history":[{"count":1,"href":"https:\/\/webdealta.info\/index.php?rest_route=\/wp\/v2\/posts\/5785\/revisions"}],"predecessor-version":[{"id":5786,"href":"https:\/\/webdealta.info\/index.php?rest_route=\/wp\/v2\/posts\/5785\/revisions\/5786"}],"wp:featuredmedia":[{"embeddable":true,"href":"https:\/\/webdealta.info\/index.php?rest_route=\/wp\/v2\/media\/4310"}],"wp:attachment":[{"href":"https:\/\/webdealta.info\/index.php?rest_route=%2Fwp%2Fv2%2Fmedia&parent=5785"}],"wp:term":[{"taxonomy":"category","embeddable":true,"href":"https:\/\/webdealta.info\/index.php?rest_route=%2Fwp%2Fv2%2Fcategories&post=5785"},{"taxonomy":"post_tag","embeddable":true,"href":"https:\/\/webdealta.info\/index.php?rest_route=%2Fwp%2Fv2%2Ftags&post=5785"}],"curies":[{"name":"wp","href":"https:\/\/api.w.org\/{rel}","templated":true}]}}