{"id":5782,"date":"2022-10-27T21:53:28","date_gmt":"2022-10-28T01:53:28","guid":{"rendered":"https:\/\/webdealta.info\/?p=5782"},"modified":"2022-10-27T21:53:29","modified_gmt":"2022-10-28T01:53:29","slug":"merecido-homenaje-a-olga-ramirez-fundadora-del-iee-altagracia","status":"publish","type":"post","link":"https:\/\/webdealta.info\/?p=5782","title":{"rendered":"Merecido homenaje a Olga Ram\u00edrez fundadora del IEE Altagracia"},"content":{"rendered":"\n<p>Amanda Saldivia.-<\/p>\n\n\n\n<p>Con el ep\u00f3nimo de Olga Ram\u00edrez y en presencia de ella como directora fundadora del Instituto de Educaci\u00f3n Especial Altagracia, fue inaugurada la biblioteca del plantel, momento que sirvi\u00f3 para agasajarla, al igual que a otros docentes que consolidaron ese proyecto en el a\u00f1o 1983.<\/p>\n\n\n\n<p>La profesora Marcia Vel\u00e1squez, actual directivo del IEE Altagracia, dijo que \u201chomenajeamos a quien fue una incansable promotora de la Educaci\u00f3n en nuestra casa de estudio\u201d, eso al referirse a las gestiones que la docente Olga Ram\u00edrez, hizo desde el a\u00f1o 1983, primero como modalidad y ya como Instituto de Educaci\u00f3n Especial, a partir del 1984.<\/p>\n\n\n\n<p>Al referirse al acto de inauguraci\u00f3n realizado el mi\u00e9rcoles 26 de octubre, se\u00f1al\u00f3 que fue sorpresa para la homenajeada que la biblioteca llevara su nombre, porque decidieron mantenerlo en reserva para que sintiera que siempre es recordada por el valioso aporte que hizo a la educaci\u00f3n especial desde 1983 hasta 2003, fecha en la cual fue jubilada.<\/p>\n\n\n\n<p>As\u00ed mismo, la profesora Mar\u00eda Vel\u00e1squez indic\u00f3 que al acto fue invitada la docente Rosa Duarte, otra de las fundadoras del IEE Altagracia, quien tambi\u00e9n recibi\u00f3 un detalle por parte del personal, representantes y ni\u00f1os que asistieron al compartir organizado.<\/p>\n\n\n\n<p>Por supuesto, destac\u00f3 el apoyo de las autoridades de la Red Educativa Jos\u00e9 Tadeo Monagas, entre ellos la Dra. Susana Sayegh, la profesora Betty Tener\u00eda, supervisora circuito 3 y Karina Loreto, enlace municipal, precis\u00f3 para finalizar la profesora Marcia Vel\u00e1squez.<\/p>\n\n\n\n<p>@amandasaldivia    <\/p>\n\n\n\n<p><\/p>\n\n\n\n<p><\/p>\n","protected":false},"excerpt":{"rendered":"<p>Amanda Saldivia.- Con el ep\u00f3nimo de Olga Ram\u00edrez y en presencia de ella como directora fundadora del Instituto de Educaci\u00f3n Especial Altagracia, fue inaugurada la biblioteca del plantel, momento que sirvi\u00f3 para agasajarla, al igual que a otros docentes que consolidaron ese proyecto en el a\u00f1o 1983. La profesora Marcia<\/p>\n","protected":false},"author":2,"featured_media":5783,"comment_status":"open","ping_status":"open","sticky":false,"template":"","format":"standard","meta":{"advanced_seo_description":"","jetpack_seo_html_title":"","jetpack_seo_noindex":false,"_jetpack_memberships_contains_paid_content":false,"footnotes":"","jetpack_publicize_message":"","jetpack_publicize_feature_enabled":true,"jetpack_social_post_already_shared":true,"jetpack_social_options":{"image_generator_settings":{"template":"highway","enabled":false},"version":2}},"categories":[151],"tags":[],"class_list":["post-5782","post","type-post","status-publish","format-standard","has-post-thumbnail","hentry","category-educacion",""],"jetpack_publicize_connections":[],"jetpack_featured_media_url":"https:\/\/webdealta.info\/wp-content\/uploads\/2022\/10\/iee-altagracia-webdealta-5.png","jetpack_sharing_enabled":true,"jetpack_likes_enabled":true,"jetpack-related-posts":[],"jetpack_shortlink":"https:\/\/wp.me\/pcseDn-1vg","_links":{"self":[{"href":"https:\/\/webdealta.info\/index.php?rest_route=\/wp\/v2\/posts\/5782","targetHints":{"allow":["GET"]}}],"collection":[{"href":"https:\/\/webdealta.info\/index.php?rest_route=\/wp\/v2\/posts"}],"about":[{"href":"https:\/\/webdealta.info\/index.php?rest_route=\/wp\/v2\/types\/post"}],"author":[{"embeddable":true,"href":"https:\/\/webdealta.info\/index.php?rest_route=\/wp\/v2\/users\/2"}],"replies":[{"embeddable":true,"href":"https:\/\/webdealta.info\/index.php?rest_route=%2Fwp%2Fv2%2Fcomments&post=5782"}],"version-history":[{"count":1,"href":"https:\/\/webdealta.info\/index.php?rest_route=\/wp\/v2\/posts\/5782\/revisions"}],"predecessor-version":[{"id":5784,"href":"https:\/\/webdealta.info\/index.php?rest_route=\/wp\/v2\/posts\/5782\/revisions\/5784"}],"wp:featuredmedia":[{"embeddable":true,"href":"https:\/\/webdealta.info\/index.php?rest_route=\/wp\/v2\/media\/5783"}],"wp:attachment":[{"href":"https:\/\/webdealta.info\/index.php?rest_route=%2Fwp%2Fv2%2Fmedia&parent=5782"}],"wp:term":[{"taxonomy":"category","embeddable":true,"href":"https:\/\/webdealta.info\/index.php?rest_route=%2Fwp%2Fv2%2Fcategories&post=5782"},{"taxonomy":"post_tag","embeddable":true,"href":"https:\/\/webdealta.info\/index.php?rest_route=%2Fwp%2Fv2%2Ftags&post=5782"}],"curies":[{"name":"wp","href":"https:\/\/api.w.org\/{rel}","templated":true}]}}