{"id":5777,"date":"2022-10-26T21:43:48","date_gmt":"2022-10-27T01:43:48","guid":{"rendered":"https:\/\/webdealta.info\/?p=5777"},"modified":"2022-10-27T06:48:36","modified_gmt":"2022-10-27T10:48:36","slug":"ferias-del-orituco-noche-bailable-amanecer-llanero-y-toros-coleados","status":"publish","type":"post","link":"https:\/\/webdealta.info\/?p=5777","title":{"rendered":"Ferias del Orituco: Noche bailable, amanecer llanero y toros coleados"},"content":{"rendered":"\n<p>Amanda Saldivia.-<\/p>\n\n\n\n<p>Noche bailable, amanecer llanero y toros coleados son las actividades que destacan en las Ferias del Orituco 2022, que se realizar\u00e1n durante los d\u00edas viernes 28, s\u00e1bado 29 y domingo 30 de octubre, en las instalaciones del antiguo El Paso Country Club, ahora parque ferial de Altagracia.<\/p>\n\n\n\n<p>En el programa Tiempo de Cambios, de este mi\u00e9rcoles 26 de octubre, estuvo parte de la directiva encabezada por Luis Callejas, presidente y Juan Diego Sierra, vicepresidente, a los fines de ratificar que la programaci\u00f3n se manten\u00eda con algunos cambios, luego de la suspensi\u00f3n semanas atr\u00e1s, a ra\u00edz de las afectaciones que dejaron las lluvias, particularmente en la zona de Paso Real de Macaira.<\/p>\n\n\n\n<p>Entre los cambios est\u00e1 que no habr\u00e1 muestra ganadera, porque los productores invitados explicaron que las lluvias tambi\u00e9n afectaron las fincas, algunas ubicadas en Zaraza, otras en el estado Anzo\u00e1tegui e incluso cercanas, como es el caso de San Jos\u00e9 de Guaribe.<\/p>\n\n\n\n<p>En cuanto a la seguridad, explicaron que est\u00e1 garantizada por parte de la Guardia Nacional, la Polic\u00eda Nacional Bolivariana, la Polic\u00eda de Gu\u00e1rico y los componentes de prevenci\u00f3n como Protecci\u00f3n Civil y Bomberos.<\/p>\n\n\n\n<p>Durante la entrevista, se les pregunt\u00f3 sobre el transporte colectivo y ratificaron que ser\u00e1 establecida una parada y horarios espec\u00edficos para el traslado de los ciudadanos hasta el parque ferial. La entrada a las instalaciones del parque ferial tienen un valor de dos d\u00f3lares y el acceso con veh\u00edculos es a raz\u00f3n de cinco d\u00f3lares, monto que incluye el chofer.<\/p>\n\n\n\n<p>A continuaci\u00f3n, la programaci\u00f3n anunciada por la Junta de Ferias 2022:<\/p>\n\n\n\n<p>Viernes 28:<\/p>\n\n\n\n<ul class=\"wp-block-list\"><li>1:00 pm: primera tarde de toros coleados, categor\u00eda menores.<\/li><li>9:00 pm: noche bailable con las orquestas La Tentadora y La Inmensa.<\/li><\/ul>\n\n\n\n<p>S\u00e1bado 29:<\/p>\n\n\n\n<ul class=\"wp-block-list\"><li>1:00 pm: segunda tarde de toros coleados, categor\u00eda adultos<\/li><li>5:00 pm: acto formal para declarar la manga de coleo como Federada, con la presencia de la directiva de la Federaci\u00f3n Nacional de Coleo y del alcalde Pedro Sol\u00f3rzano.<\/li><li>9:00 pm: Amanecer Llanero con Yenifer Mora, Araima Amezquita, La Negra Linares, Domingo Garc\u00eda, Alejandro Pantoja, Miguel Rojas, Orlando Medina, Yolman Tenepe, Tom\u00e1s Marrero, Walther Veliz, Jos\u00e9 El Potro Castillo, Luis Mart\u00ednez, Mirian Castillo, Arqu\u00edmedes Bandres, Jhoanny Tovar. Milennis Mota, Darwin L\u00f3pez, Fernanda Zambrano, Javielis Estanga y Jos\u00e9 Gregorio Utrera con el grupo de ni\u00f1os de la escuela Los Gracitanitos.<\/li><\/ul>\n\n\n\n<p>Domingo 30:<\/p>\n\n\n\n<ul class=\"wp-block-list\"><li>1:00 pm: Tercera tarde de toros coleados, categor\u00eda adultos y premiaci\u00f3n.<\/li><\/ul>\n\n\n\n<p>@amandasaldivia   <\/p>\n\n\n\n<p><\/p>\n","protected":false},"excerpt":{"rendered":"<p>Amanda Saldivia.- Noche bailable, amanecer llanero y toros coleados son las actividades que destacan en las Ferias del Orituco 2022, que se realizar\u00e1n durante los d\u00edas viernes 28, s\u00e1bado 29 y domingo 30 de octubre, en las instalaciones del antiguo El Paso Country Club, ahora parque ferial de Altagracia. En<\/p>\n","protected":false},"author":2,"featured_media":5778,"comment_status":"open","ping_status":"open","sticky":false,"template":"","format":"standard","meta":{"advanced_seo_description":"","jetpack_seo_html_title":"","jetpack_seo_noindex":false,"_jetpack_memberships_contains_paid_content":false,"footnotes":"","jetpack_publicize_message":"","jetpack_publicize_feature_enabled":true,"jetpack_social_post_already_shared":true,"jetpack_social_options":{"image_generator_settings":{"template":"highway","enabled":false},"version":2}},"categories":[326],"tags":[],"class_list":["post-5777","post","type-post","status-publish","format-standard","has-post-thumbnail","hentry","category-ferias-del-orituco-2022",""],"jetpack_publicize_connections":[],"jetpack_featured_media_url":"https:\/\/webdealta.info\/wp-content\/uploads\/2022\/10\/ferias-2022-webdealta.png","jetpack_sharing_enabled":true,"jetpack_likes_enabled":true,"jetpack-related-posts":[],"jetpack_shortlink":"https:\/\/wp.me\/pcseDn-1vb","_links":{"self":[{"href":"https:\/\/webdealta.info\/index.php?rest_route=\/wp\/v2\/posts\/5777","targetHints":{"allow":["GET"]}}],"collection":[{"href":"https:\/\/webdealta.info\/index.php?rest_route=\/wp\/v2\/posts"}],"about":[{"href":"https:\/\/webdealta.info\/index.php?rest_route=\/wp\/v2\/types\/post"}],"author":[{"embeddable":true,"href":"https:\/\/webdealta.info\/index.php?rest_route=\/wp\/v2\/users\/2"}],"replies":[{"embeddable":true,"href":"https:\/\/webdealta.info\/index.php?rest_route=%2Fwp%2Fv2%2Fcomments&post=5777"}],"version-history":[{"count":2,"href":"https:\/\/webdealta.info\/index.php?rest_route=\/wp\/v2\/posts\/5777\/revisions"}],"predecessor-version":[{"id":5780,"href":"https:\/\/webdealta.info\/index.php?rest_route=\/wp\/v2\/posts\/5777\/revisions\/5780"}],"wp:featuredmedia":[{"embeddable":true,"href":"https:\/\/webdealta.info\/index.php?rest_route=\/wp\/v2\/media\/5778"}],"wp:attachment":[{"href":"https:\/\/webdealta.info\/index.php?rest_route=%2Fwp%2Fv2%2Fmedia&parent=5777"}],"wp:term":[{"taxonomy":"category","embeddable":true,"href":"https:\/\/webdealta.info\/index.php?rest_route=%2Fwp%2Fv2%2Fcategories&post=5777"},{"taxonomy":"post_tag","embeddable":true,"href":"https:\/\/webdealta.info\/index.php?rest_route=%2Fwp%2Fv2%2Ftags&post=5777"}],"curies":[{"name":"wp","href":"https:\/\/api.w.org\/{rel}","templated":true}]}}