{"id":5764,"date":"2022-10-23T20:46:33","date_gmt":"2022-10-24T00:46:33","guid":{"rendered":"https:\/\/webdealta.info\/?p=5764"},"modified":"2022-10-23T20:46:34","modified_gmt":"2022-10-24T00:46:34","slug":"accion-campesina-celebro-sus-30-anos-con-el-dia-de-accion-popular","status":"publish","type":"post","link":"https:\/\/webdealta.info\/?p=5764","title":{"rendered":"Acci\u00f3n Campesina celebr\u00f3 sus 30 a\u00f1os con el D\u00eda de Acci\u00f3n Popular"},"content":{"rendered":"\n<p>La organizaci\u00f3n civil Acci\u00f3n Campesina, celebr\u00f3 este s\u00e1bado 22 de octubre, el D\u00eda de Acci\u00f3n Popular en Altagracia de Orituco, en el marco de su 30 aniversario, con un evento en donde se dio a conocer los logros alcanzados por los participantes de cada uno de los proyectos de esta organizaci\u00f3n en el municipio Jos\u00e9 Tadeo Monagas.<\/p>\n\n\n\n<p>As\u00ed mismo, se realiz\u00f3 una expoferia con productos artesanales realizados por participantes de nuestros proyectos, la intervenci\u00f3n de artistas del municipio con m\u00fasica en vivo, as\u00ed como un compartir de saberes en donde el directorio delegado de Acci\u00f3n Campesina en la regi\u00f3n, tanto representantes de los proyectos, abordaron su experiencia dentro y fuera de la organizaci\u00f3n. Entre los asistentes por parte del Directorio Delegado estuvo, Leonardo Lagazzi, gerente general de Promasorca, Jes\u00fas Daniel Ramirez, gerente de Agrovida, Milvia Garc\u00eda, presidente del Centro M\u00e9dico Orituco y Amanda Saldivia, periodista de Activa 104.9 F.M y la Web de Altagracia.<\/p>\n\n\n\n<figure class=\"wp-block-image size-large\"><img loading=\"lazy\" decoding=\"async\" width=\"1024\" height=\"546\" src=\"https:\/\/webdealta.info\/wp-content\/uploads\/2022\/10\/ac-webdealta-3-1-1024x546.png\" alt=\"\" class=\"wp-image-5768\" srcset=\"https:\/\/webdealta.info\/wp-content\/uploads\/2022\/10\/ac-webdealta-3-1.png 1024w, https:\/\/webdealta.info\/wp-content\/uploads\/2022\/10\/ac-webdealta-3-1.png 300w, https:\/\/webdealta.info\/wp-content\/uploads\/2022\/10\/ac-webdealta-3-1.png 768w, https:\/\/webdealta.info\/wp-content\/uploads\/2022\/10\/ac-webdealta-3-1.png 1170w, https:\/\/webdealta.info\/wp-content\/uploads\/2022\/10\/ac-webdealta-3-1.png 1500w, https:\/\/webdealta.info\/wp-content\/uploads\/2022\/10\/ac-webdealta-3-1.png 1280w\" sizes=\"auto, (max-width: 640px) 100vw, 640px\" \/><\/figure>\n\n\n\n<p>Manuel G\u00f3mez, director general de Acci\u00f3n Campesina estuvo presente y explic\u00f3 que \u00absi no fuese por el compromiso de la gente, el trabajo que hacemos ser\u00eda inviable. Proponemos que siempre los valores institucionales que gu\u00edan nuestra acci\u00f3n tengan que ver con la idea de que a las personas hay que ayudarlas para que se puedan hacer cargo de s\u00ed mismas porque la autonom\u00eda, el control que tenemos sobre nuestras vidas nos otorga el bien m\u00e1s preciado que es el bienestar de la libertad\u00bb.<\/p>\n\n\n\n<p>Por su parte, Dorkas Pablique, beneficiada de los huertos familiares del sector Brisas del Orituco y veedora de La Gente Propone explic\u00f3 que \u00abla experiencia de saberes ha sido muy buena, ya que ah\u00ed hemos intercambiado experiencias vividas y esto nos insta a seguir adelante, a sacar m\u00e1s fuerzas para seguir triunfando. Yo s\u00e9 que el trabajo no es f\u00e1cil porque es un trabajo de todos los d\u00edas, pero hay que seguir trabajando porque con personas como ustedes (Acci\u00f3n Campesina) uno puede seguir contando, ya que son una ayuda fundamental en la sociedad\u00bb.<\/p>\n\n\n\n<p>Cabe destacar que Pablique fue seleccionada para representar, mediante un material audiovisual, a Latinoam\u00e9rica con su participaci\u00f3n en el proyecto Huertos Familiares en la cumbre mundial COP 27, a realizarse en la ciudad del Cairo, Egipto.<\/p>\n\n\n\n<p>Por su parte, Mar\u00eda D&#8217;Suze, coordinadora de Acci\u00f3n Campesina en el estado Gu\u00e1rico agradeci\u00f3 al equipo regional, pues \u00abgracias a ellos se ha logrado acompa\u00f1ar a las comunidades, llevando esperanza y soluciones a quienes m\u00e1s lo necesitan. Quiero extender mi agradecimiento a Carolina Rojas, Pedro Rosa, N\u00e9stor Castillo, Jairo Garc\u00eda, Naiyeli S\u00e1nchez, Evelin Antolinez, Yaneth Chique, Roberto Pe\u00f1a, Luisana Espinoza, Josybet Carrasquel, Mar\u00eda Eugenia Ortega, Jodlimar Garc\u00eda, Leny Toch\u00f3n, Melany Rodr\u00edguez, Yorbelys Mendoza, Victor Garc\u00eda, Johannedith Morillo, Yusmirian Rodr\u00edguez, as\u00ed como a todas las personas que hacen posible nuestro trabajo en el municipio. Un reconocimiento a Fundaci\u00f3n Radio Activa 104.9 FM y a la Fundaci\u00f3n Dr. Pedro Mar\u00eda Ar\u00e9valo Cede\u00f1o por todo el apoyo que nos han dado desde el inicio de nuestras actividades en el municipio\u00bb puntualiz\u00f3.<\/p>\n\n\n\n<p>Prensa Acci\u00f3n Campesina   <\/p>\n\n\n\n<figure class=\"wp-block-image size-large\"><img loading=\"lazy\" decoding=\"async\" width=\"1024\" height=\"546\" src=\"https:\/\/webdealta.info\/wp-content\/uploads\/2022\/10\/ac-webdealta-2-1024x546.png\" alt=\"\" class=\"wp-image-5767\" srcset=\"https:\/\/webdealta.info\/wp-content\/uploads\/2022\/10\/ac-webdealta-2.png 1024w, https:\/\/webdealta.info\/wp-content\/uploads\/2022\/10\/ac-webdealta-2.png 300w, https:\/\/webdealta.info\/wp-content\/uploads\/2022\/10\/ac-webdealta-2.png 768w, https:\/\/webdealta.info\/wp-content\/uploads\/2022\/10\/ac-webdealta-2.png 1170w, https:\/\/webdealta.info\/wp-content\/uploads\/2022\/10\/ac-webdealta-2.png 1500w, https:\/\/webdealta.info\/wp-content\/uploads\/2022\/10\/ac-webdealta-2.png 1280w\" sizes=\"auto, (max-width: 640px) 100vw, 640px\" \/><figcaption>Expositores <\/figcaption><\/figure>\n","protected":false},"excerpt":{"rendered":"<p>La organizaci\u00f3n civil Acci\u00f3n Campesina, celebr\u00f3 este s\u00e1bado 22 de octubre, el D\u00eda de Acci\u00f3n Popular en Altagracia de Orituco, en el marco de su 30 aniversario, con un evento en donde se dio a conocer los logros alcanzados por los participantes de cada uno de los proyectos de esta<\/p>\n","protected":false},"author":2,"featured_media":5765,"comment_status":"open","ping_status":"open","sticky":false,"template":"","format":"standard","meta":{"advanced_seo_description":"","jetpack_seo_html_title":"","jetpack_seo_noindex":false,"_jetpack_memberships_contains_paid_content":false,"footnotes":"","jetpack_publicize_message":"","jetpack_publicize_feature_enabled":true,"jetpack_social_post_already_shared":true,"jetpack_social_options":{"image_generator_settings":{"template":"highway","enabled":false},"version":2}},"categories":[39],"tags":[],"class_list":["post-5764","post","type-post","status-publish","format-standard","has-post-thumbnail","hentry","category-accion-campesina",""],"jetpack_publicize_connections":[],"jetpack_featured_media_url":"https:\/\/webdealta.info\/wp-content\/uploads\/2022\/10\/ac-webdealta-1.png","jetpack_sharing_enabled":true,"jetpack_likes_enabled":true,"jetpack-related-posts":[],"jetpack_shortlink":"https:\/\/wp.me\/pcseDn-1uY","_links":{"self":[{"href":"https:\/\/webdealta.info\/index.php?rest_route=\/wp\/v2\/posts\/5764","targetHints":{"allow":["GET"]}}],"collection":[{"href":"https:\/\/webdealta.info\/index.php?rest_route=\/wp\/v2\/posts"}],"about":[{"href":"https:\/\/webdealta.info\/index.php?rest_route=\/wp\/v2\/types\/post"}],"author":[{"embeddable":true,"href":"https:\/\/webdealta.info\/index.php?rest_route=\/wp\/v2\/users\/2"}],"replies":[{"embeddable":true,"href":"https:\/\/webdealta.info\/index.php?rest_route=%2Fwp%2Fv2%2Fcomments&post=5764"}],"version-history":[{"count":1,"href":"https:\/\/webdealta.info\/index.php?rest_route=\/wp\/v2\/posts\/5764\/revisions"}],"predecessor-version":[{"id":5769,"href":"https:\/\/webdealta.info\/index.php?rest_route=\/wp\/v2\/posts\/5764\/revisions\/5769"}],"wp:featuredmedia":[{"embeddable":true,"href":"https:\/\/webdealta.info\/index.php?rest_route=\/wp\/v2\/media\/5765"}],"wp:attachment":[{"href":"https:\/\/webdealta.info\/index.php?rest_route=%2Fwp%2Fv2%2Fmedia&parent=5764"}],"wp:term":[{"taxonomy":"category","embeddable":true,"href":"https:\/\/webdealta.info\/index.php?rest_route=%2Fwp%2Fv2%2Fcategories&post=5764"},{"taxonomy":"post_tag","embeddable":true,"href":"https:\/\/webdealta.info\/index.php?rest_route=%2Fwp%2Fv2%2Ftags&post=5764"}],"curies":[{"name":"wp","href":"https:\/\/api.w.org\/{rel}","templated":true}]}}