{"id":5757,"date":"2022-10-23T15:03:13","date_gmt":"2022-10-23T19:03:13","guid":{"rendered":"https:\/\/webdealta.info\/?p=5757"},"modified":"2022-10-23T15:03:15","modified_gmt":"2022-10-23T19:03:15","slug":"gobierno-municipal-resalto-lucha-contra-el-cancer-de-mama","status":"publish","type":"post","link":"https:\/\/webdealta.info\/?p=5757","title":{"rendered":"Gobierno municipal resalt\u00f3 lucha contra el c\u00e1ncer de mama"},"content":{"rendered":"\n<p>Amanda Saldivia.-<\/p>\n\n\n\n<p>Representantes de las distintas dependencias gubernamentales del municipio Monagas, bajo el liderazgo de la Dra. Elsy Rodr\u00edguez, esposa del alcalde Pedro Sol\u00f3rzano, estuvieron presentes en la caminata para visibilizar la lucha contra el c\u00e1ncer de mama, cuya fecha se conmemora el 19 de octubre y que se extiende durante todo el mes, a los fines de crear conciencia sobre el autoexamen y el estudio mamogr\u00e1fico anual.<\/p>\n\n\n\n<p>La ocasi\u00f3n fue propia para que impulsara la venta de brazaletes color rosa y con ello recolectar recursos que permitan colaborar con el tratamiento que requiere una paciente, todo canalizado por medio del Instituto Municipal de la Mujer presidido por Norelis Benavente.<\/p>\n\n\n\n<p>Como en oportunidades anteriores, destac\u00f3 la participaci\u00f3n del Ipasme, el Hospital Dr. Jos\u00e9 Francisco Torrealba, la Fundaci\u00f3n del Ni\u00f1o y el gremio educativo en general, con la animaci\u00f3n del profesor Rub\u00e9n Padr\u00f3n, director de la escuela Luisa Rojas de Gonz\u00e1lez de San Rafael de Orituco.<\/p>\n\n\n\n<p>El recorrido, realizado en la ma\u00f1ana de este s\u00e1bado 22 de octubre, fue por las calles Hurtado Ascanio, Sixto Sosa, Libertad, Ilustres Pr\u00f3ceres para culminar con bailoterapia y otros actos, en la plaza Bol\u00edvar de Altagracia de Orituco.<\/p>\n\n\n\n<p>@amandasaldivia \u00a0\u00a0<\/p>\n\n\n\n<p><\/p>\n","protected":false},"excerpt":{"rendered":"<p>Amanda Saldivia.- Representantes de las distintas dependencias gubernamentales del municipio Monagas, bajo el liderazgo de la Dra. Elsy Rodr\u00edguez, esposa del alcalde Pedro Sol\u00f3rzano, estuvieron presentes en la caminata para visibilizar la lucha contra el c\u00e1ncer de mama, cuya fecha se conmemora el 19 de octubre y que se extiende<\/p>\n","protected":false},"author":2,"featured_media":5758,"comment_status":"open","ping_status":"open","sticky":false,"template":"","format":"standard","meta":{"advanced_seo_description":"","jetpack_seo_html_title":"","jetpack_seo_noindex":false,"_jetpack_memberships_contains_paid_content":false,"footnotes":"","jetpack_publicize_message":"","jetpack_publicize_feature_enabled":true,"jetpack_social_post_already_shared":true,"jetpack_social_options":{"image_generator_settings":{"template":"highway","enabled":false},"version":2}},"categories":[12],"tags":[],"class_list":["post-5757","post","type-post","status-publish","format-standard","has-post-thumbnail","hentry","category-salud",""],"jetpack_publicize_connections":[],"jetpack_featured_media_url":"https:\/\/webdealta.info\/wp-content\/uploads\/2022\/10\/webdealta-mes-rosa-alcaldia.png","jetpack_sharing_enabled":true,"jetpack_likes_enabled":true,"jetpack-related-posts":[],"jetpack_shortlink":"https:\/\/wp.me\/pcseDn-1uR","_links":{"self":[{"href":"https:\/\/webdealta.info\/index.php?rest_route=\/wp\/v2\/posts\/5757","targetHints":{"allow":["GET"]}}],"collection":[{"href":"https:\/\/webdealta.info\/index.php?rest_route=\/wp\/v2\/posts"}],"about":[{"href":"https:\/\/webdealta.info\/index.php?rest_route=\/wp\/v2\/types\/post"}],"author":[{"embeddable":true,"href":"https:\/\/webdealta.info\/index.php?rest_route=\/wp\/v2\/users\/2"}],"replies":[{"embeddable":true,"href":"https:\/\/webdealta.info\/index.php?rest_route=%2Fwp%2Fv2%2Fcomments&post=5757"}],"version-history":[{"count":1,"href":"https:\/\/webdealta.info\/index.php?rest_route=\/wp\/v2\/posts\/5757\/revisions"}],"predecessor-version":[{"id":5759,"href":"https:\/\/webdealta.info\/index.php?rest_route=\/wp\/v2\/posts\/5757\/revisions\/5759"}],"wp:featuredmedia":[{"embeddable":true,"href":"https:\/\/webdealta.info\/index.php?rest_route=\/wp\/v2\/media\/5758"}],"wp:attachment":[{"href":"https:\/\/webdealta.info\/index.php?rest_route=%2Fwp%2Fv2%2Fmedia&parent=5757"}],"wp:term":[{"taxonomy":"category","embeddable":true,"href":"https:\/\/webdealta.info\/index.php?rest_route=%2Fwp%2Fv2%2Fcategories&post=5757"},{"taxonomy":"post_tag","embeddable":true,"href":"https:\/\/webdealta.info\/index.php?rest_route=%2Fwp%2Fv2%2Ftags&post=5757"}],"curies":[{"name":"wp","href":"https:\/\/api.w.org\/{rel}","templated":true}]}}