{"id":5739,"date":"2022-10-21T22:00:09","date_gmt":"2022-10-22T02:00:09","guid":{"rendered":"https:\/\/webdealta.info\/?p=5739"},"modified":"2022-10-21T22:01:13","modified_gmt":"2022-10-22T02:01:13","slug":"desfile-deporte-y-actos-especiales-marcan-vispera-de-san-rafael-arcangel","status":"publish","type":"post","link":"https:\/\/webdealta.info\/?p=5739","title":{"rendered":"Desfile, deporte y actos especiales marcan v\u00edspera de San Rafael Arc\u00e1ngel"},"content":{"rendered":"\n<p>Amanda Saldivia.-<\/p>\n\n\n\n<p>En la escuela Luisa Rojas de Gonz\u00e1lez hubo actos religiosos y tambi\u00e9n desfile como parte de las actividades en honor a San Rafael Arc\u00e1ngel, festividad que se celebrar\u00e1 el pr\u00f3ximo lunes 24 de octubre en la poblaci\u00f3n de San Rafael de Orituco, municipio Jos\u00e9 Tadeo Monagas, Gu\u00e1rico.<\/p>\n\n\n\n<p>El profesor Rub\u00e9n Padr\u00f3n, director de la mencionada instituci\u00f3n educativa, dijo que como pre\u00e1mbulo del D\u00eda de San Rafael de Orituco habr\u00e1 un campeonato de beisbol el s\u00e1bado 22 y el domingo 23 de octubre, con encuentros de los equipos de esa parroquia, as\u00ed como tambi\u00e9n de Altagracia de Orituco y los invitados de R\u00edo Chico.<\/p>\n\n\n\n<p>Para la realizaci\u00f3n del encuentro deportivo, el profesor Padr\u00f3n destac\u00f3 que los trofeos fueron \u201cdonados por el Dr. Orlando Isea, presidente de Fonder Gu\u00e1rico y la abogada Elym Mijares y la log\u00edstica de los equipos fue un aporte del alcalde de Miranda, Agust\u00edn Monterola de R\u00edo Chico\u201d.<\/p>\n\n\n\n<p>Igualmente resalt\u00f3 que \u201cmuestra muchachada estudiantil se hizo presente con madrinas, grupo elite de IPM de Identidad y Nueva Soberan\u00eda, la integraci\u00f3n de los 40 nuevos estudiantes del PNF para optar a la carrera Bomberil del Cuerpo de Bomberos Andr\u00e9 Fourneau, quienes cursan estudios en la UNES y se cont\u00f3 con el equipo de B\u00e9isbol Menor de R\u00edo Chico\u201d.<\/p>\n\n\n\n<p>En cuanto a las actividades que cumplieron este viernes 21 de octubre, dijo que hubo \u201cactos culturales, cantos, poes\u00edas y luego en la tarde la santa misa, todo en articulaci\u00f3n con la comunidad cat\u00f3lica y el padre Alfonzo Mota, p\u00e1rroco de la comunidad, el cual realiz\u00f3 actividades con nuestros j\u00f3venes\u2026fue un d\u00eda muy espiritual y festivo donde se integr\u00f3 no solamente la comunidad educativa, sino la cristiana y la comunitaria\u201d.<\/p>\n\n\n\n<p>@amandasaldivia  <\/p>\n\n\n\n<p><\/p>\n","protected":false},"excerpt":{"rendered":"<p>Amanda Saldivia.- En la escuela Luisa Rojas de Gonz\u00e1lez hubo actos religiosos y tambi\u00e9n desfile como parte de las actividades en honor a San Rafael Arc\u00e1ngel, festividad que se celebrar\u00e1 el pr\u00f3ximo lunes 24 de octubre en la poblaci\u00f3n de San Rafael de Orituco, municipio Jos\u00e9 Tadeo Monagas, Gu\u00e1rico. El<\/p>\n","protected":false},"author":2,"featured_media":5740,"comment_status":"open","ping_status":"open","sticky":false,"template":"","format":"standard","meta":{"advanced_seo_description":"","jetpack_seo_html_title":"","jetpack_seo_noindex":false,"_jetpack_memberships_contains_paid_content":false,"footnotes":"","jetpack_publicize_message":"","jetpack_publicize_feature_enabled":true,"jetpack_social_post_already_shared":true,"jetpack_social_options":{"image_generator_settings":{"template":"highway","enabled":false},"version":2}},"categories":[117],"tags":[8,7,32],"class_list":["post-5739","post","type-post","status-publish","format-standard","has-post-thumbnail","hentry","category-celebracion","tag-altagraciadeorituco","tag-guarico","tag-webdealta",""],"jetpack_publicize_connections":[],"jetpack_featured_media_url":"https:\/\/webdealta.info\/wp-content\/uploads\/2022\/10\/san-rafael-webdealta-vispera.png","jetpack_sharing_enabled":true,"jetpack_likes_enabled":true,"jetpack-related-posts":[],"jetpack_shortlink":"https:\/\/wp.me\/pcseDn-1uz","_links":{"self":[{"href":"https:\/\/webdealta.info\/index.php?rest_route=\/wp\/v2\/posts\/5739","targetHints":{"allow":["GET"]}}],"collection":[{"href":"https:\/\/webdealta.info\/index.php?rest_route=\/wp\/v2\/posts"}],"about":[{"href":"https:\/\/webdealta.info\/index.php?rest_route=\/wp\/v2\/types\/post"}],"author":[{"embeddable":true,"href":"https:\/\/webdealta.info\/index.php?rest_route=\/wp\/v2\/users\/2"}],"replies":[{"embeddable":true,"href":"https:\/\/webdealta.info\/index.php?rest_route=%2Fwp%2Fv2%2Fcomments&post=5739"}],"version-history":[{"count":1,"href":"https:\/\/webdealta.info\/index.php?rest_route=\/wp\/v2\/posts\/5739\/revisions"}],"predecessor-version":[{"id":5741,"href":"https:\/\/webdealta.info\/index.php?rest_route=\/wp\/v2\/posts\/5739\/revisions\/5741"}],"wp:featuredmedia":[{"embeddable":true,"href":"https:\/\/webdealta.info\/index.php?rest_route=\/wp\/v2\/media\/5740"}],"wp:attachment":[{"href":"https:\/\/webdealta.info\/index.php?rest_route=%2Fwp%2Fv2%2Fmedia&parent=5739"}],"wp:term":[{"taxonomy":"category","embeddable":true,"href":"https:\/\/webdealta.info\/index.php?rest_route=%2Fwp%2Fv2%2Fcategories&post=5739"},{"taxonomy":"post_tag","embeddable":true,"href":"https:\/\/webdealta.info\/index.php?rest_route=%2Fwp%2Fv2%2Ftags&post=5739"}],"curies":[{"name":"wp","href":"https:\/\/api.w.org\/{rel}","templated":true}]}}