{"id":5730,"date":"2022-10-20T21:49:06","date_gmt":"2022-10-21T01:49:06","guid":{"rendered":"https:\/\/webdealta.info\/?p=5730"},"modified":"2022-10-20T21:49:07","modified_gmt":"2022-10-21T01:49:07","slug":"upel-altagracia-ofrece-pregrado-en-educacion-fisica","status":"publish","type":"post","link":"https:\/\/webdealta.info\/?p=5730","title":{"rendered":"Upel Altagracia ofrece pregrado en Educaci\u00f3n F\u00edsica"},"content":{"rendered":"\n<p>Amanda Saldivia.-<\/p>\n\n\n\n<p>Un nuevo pregrado, en esta oportunidad de Educaci\u00f3n F\u00edsica, ofrece la Universidad Pedag\u00f3gica Experimental Libertador Upel El M\u00e1caro en Altagracia de Orituco, lo que viene a reforzar las alternativas de estudios superiores en esta regi\u00f3n guarique\u00f1a.<\/p>\n\n\n\n<p>El proceso de inscripci\u00f3n general ya est\u00e1 en curso, motivo por el cual el equipo de la Upel inici\u00f3 el proceso de difusi\u00f3n por distintos medios de comunicaci\u00f3n social, entre ellos Activa 104.9 FM, espec\u00edficamente en el programa Tiempo de Cambios que conduce la redactora de esta nota de prensa.<\/p>\n\n\n\n<p>Estuvieron presentes, la Dra. Leyna Tovar, coordinadora general del Centro de Atenci\u00f3n Altagracia y subdirectora de Docencia de la Upel en el \u00e1mbito nacional, acompa\u00f1ada por las profesoras Luisangela Leal y Mary Guevara, coordinadora de Docencia y coordinadora de Secretar\u00eda y Control de Estudios, respectivamente.<\/p>\n\n\n\n<p>La intenci\u00f3n es informar que el proceso de inscripci\u00f3n est\u00e1 abierto para ese nuevo pregrado, as\u00ed como tambi\u00e9n para las dem\u00e1s especialidades, entre ellas educaci\u00f3n Inicial, Primaria, Rural, Inform\u00e1tica, Matem\u00e1ticas, as\u00ed como tambi\u00e9n Lengua y Literatura.<\/p>\n\n\n\n<p>Para ese proceso de inscripci\u00f3n del pregrado se requieren los siguientes requisitos: partida de nacimiento, t\u00edtulo de bachiller (original y copia), notas de primero a quinto a\u00f1o (original y copia), 2 fotos tipo carnet, 1 carpeta marr\u00f3n, 1 sobre manila oficio e inscripci\u00f3n en el Rusnier Opsu.<\/p>\n\n\n\n<p>En medio del desarrollo de la entrevista, hicieron hincapi\u00e9 en que los pregrados son totalmente gratuitos y que adem\u00e1s ofrecen especializaciones en Gerencia Deportiva, Gesti\u00f3n Comunitaria, Procesos Did\u00e1cticos en Educaci\u00f3n B\u00e1sica e Incorporaci\u00f3n de Personas con Discapacidad.<\/p>\n\n\n\n<p>En referencia a las maestr\u00edas est\u00e1n disponibles en Educaci\u00f3n Inicial, Rural, Intercultural Biling\u00fce e Investigaci\u00f3n Educativa; mientras que el doctorado es en Ciencia de la Educaci\u00f3n y los postdoctorados en Epistemolog\u00eda e Innovaci\u00f3n, Investigaci\u00f3n Educativa y Gerencia Educativa.<\/p>\n\n\n\n<p>@amandasaldivia   <\/p>\n\n\n\n<p><\/p>\n","protected":false},"excerpt":{"rendered":"<p>Amanda Saldivia.- Un nuevo pregrado, en esta oportunidad de Educaci\u00f3n F\u00edsica, ofrece la Universidad Pedag\u00f3gica Experimental Libertador Upel El M\u00e1caro en Altagracia de Orituco, lo que viene a reforzar las alternativas de estudios superiores en esta regi\u00f3n guarique\u00f1a. El proceso de inscripci\u00f3n general ya est\u00e1 en curso, motivo por el<\/p>\n","protected":false},"author":2,"featured_media":5731,"comment_status":"open","ping_status":"open","sticky":false,"template":"","format":"standard","meta":{"advanced_seo_description":"","jetpack_seo_html_title":"","jetpack_seo_noindex":false,"_jetpack_memberships_contains_paid_content":false,"footnotes":"","jetpack_publicize_message":"","jetpack_publicize_feature_enabled":true,"jetpack_social_post_already_shared":true,"jetpack_social_options":{"image_generator_settings":{"template":"highway","enabled":false},"version":2}},"categories":[151],"tags":[8,7,32],"class_list":["post-5730","post","type-post","status-publish","format-standard","has-post-thumbnail","hentry","category-educacion","tag-altagraciadeorituco","tag-guarico","tag-webdealta",""],"jetpack_publicize_connections":[],"jetpack_featured_media_url":"https:\/\/webdealta.info\/wp-content\/uploads\/2022\/10\/profesora-Leyna-Tovar-Upel-El-Macaro-webdealta.png","jetpack_sharing_enabled":true,"jetpack_likes_enabled":true,"jetpack-related-posts":[],"jetpack_shortlink":"https:\/\/wp.me\/pcseDn-1uq","_links":{"self":[{"href":"https:\/\/webdealta.info\/index.php?rest_route=\/wp\/v2\/posts\/5730","targetHints":{"allow":["GET"]}}],"collection":[{"href":"https:\/\/webdealta.info\/index.php?rest_route=\/wp\/v2\/posts"}],"about":[{"href":"https:\/\/webdealta.info\/index.php?rest_route=\/wp\/v2\/types\/post"}],"author":[{"embeddable":true,"href":"https:\/\/webdealta.info\/index.php?rest_route=\/wp\/v2\/users\/2"}],"replies":[{"embeddable":true,"href":"https:\/\/webdealta.info\/index.php?rest_route=%2Fwp%2Fv2%2Fcomments&post=5730"}],"version-history":[{"count":1,"href":"https:\/\/webdealta.info\/index.php?rest_route=\/wp\/v2\/posts\/5730\/revisions"}],"predecessor-version":[{"id":5732,"href":"https:\/\/webdealta.info\/index.php?rest_route=\/wp\/v2\/posts\/5730\/revisions\/5732"}],"wp:featuredmedia":[{"embeddable":true,"href":"https:\/\/webdealta.info\/index.php?rest_route=\/wp\/v2\/media\/5731"}],"wp:attachment":[{"href":"https:\/\/webdealta.info\/index.php?rest_route=%2Fwp%2Fv2%2Fmedia&parent=5730"}],"wp:term":[{"taxonomy":"category","embeddable":true,"href":"https:\/\/webdealta.info\/index.php?rest_route=%2Fwp%2Fv2%2Fcategories&post=5730"},{"taxonomy":"post_tag","embeddable":true,"href":"https:\/\/webdealta.info\/index.php?rest_route=%2Fwp%2Fv2%2Ftags&post=5730"}],"curies":[{"name":"wp","href":"https:\/\/api.w.org\/{rel}","templated":true}]}}