{"id":5710,"date":"2022-10-18T22:06:09","date_gmt":"2022-10-19T02:06:09","guid":{"rendered":"https:\/\/webdealta.info\/?p=5710"},"modified":"2022-10-18T22:06:10","modified_gmt":"2022-10-19T02:06:10","slug":"recomiendan-mamografia-para-la-deteccion-temprana-del-cancer-de-mama","status":"publish","type":"post","link":"https:\/\/webdealta.info\/?p=5710","title":{"rendered":"Recomiendan mamograf\u00eda para la detecci\u00f3n temprana del c\u00e1ncer de mama"},"content":{"rendered":"\n<p>Amanda Saldivia.-<\/p>\n\n\n\n<p>En el marco del mes rosa, dedicado a difundir temas relacionados al D\u00eda Internacional de la lucha contra el C\u00e1ncer de Mama, que se celebra el 19 de octubre por disposici\u00f3n de la OMS, la doctora Milvia Garc\u00eda, presidente del Centro M\u00e9dico Orituco y la Dra. Naiberth Reina, ginecoobstetra con especializaci\u00f3n en mastolog\u00eda, fueron invitadas al programa Tiempo de Cambios.<\/p>\n\n\n\n<p>Durante el desarrollo del programa radial, este martes 18 de octubre en la emisora Activa 104.9 FM de Altagracia de Orituco, mencionaron que entre las debilidades que tiene el sistema de salud est\u00e1 que son limitadas las posibilidades de estudios mamogr\u00e1ficos gratuitos, raz\u00f3n por la cual muchas mujeres son tratadas cuando el padecimiento ya ha avanzado.<\/p>\n\n\n\n<p>Todo esto, con el agravante, de que no hay posibilidades de realizar el estudio en la localidad, raz\u00f3n por la cual al costo del examen hay que sumarle el traslado de la paciente a otras regiones del pa\u00eds, lo que tambi\u00e9n ocasiona que no cumplan con la recomendaci\u00f3n m\u00e9dica de realizarse este estudio todos los a\u00f1os, explicaron ambas profesionales de la salud.<\/p>\n\n\n\n<p>En cuanto a la edad, coincidieron en que la mamograf\u00eda deber\u00eda hacerse a partir de los 35 a\u00f1os, pero dejaron claro que desde el comienzo de las relaciones sexuales las mujeres deben acudir al ginec\u00f3logo para el chequeo anual, el cual incluye otros ex\u00e1menes que pueden prevenir otras patolog\u00edas.<\/p>\n\n\n\n<p>Particularmente, la Dra. Naibert Reina, cito que, aunque hay mayor porcentaje de c\u00e1ncer de mama por el componente gen\u00e9tico, no se descartan otros factores de riesgos, entre ellos alcoholismo, tabaquismo, vida sedentaria y mala alimentaci\u00f3n.<\/p>\n\n\n\n<p>Por su parte, la Dra. Milvia Garc\u00eda, destac\u00f3 que no hay estad\u00edsticas locales que registren este padecimiento, raz\u00f3n por la cual considera que ese es otro factor que dificulta el an\u00e1lisis de casos y sus posibles incidencias.<\/p>\n\n\n\n<p>\u00a0@amandasaldivia <\/p>\n\n\n\n<p><\/p>\n","protected":false},"excerpt":{"rendered":"<p>Amanda Saldivia.- En el marco del mes rosa, dedicado a difundir temas relacionados al D\u00eda Internacional de la lucha contra el C\u00e1ncer de Mama, que se celebra el 19 de octubre por disposici\u00f3n de la OMS, la doctora Milvia Garc\u00eda, presidente del Centro M\u00e9dico Orituco y la Dra. Naiberth Reina,<\/p>\n","protected":false},"author":2,"featured_media":5711,"comment_status":"open","ping_status":"open","sticky":false,"template":"","format":"standard","meta":{"advanced_seo_description":"","jetpack_seo_html_title":"","jetpack_seo_noindex":false,"_jetpack_memberships_contains_paid_content":false,"footnotes":"","jetpack_publicize_message":"","jetpack_publicize_feature_enabled":true,"jetpack_social_post_already_shared":true,"jetpack_social_options":{"image_generator_settings":{"template":"highway","enabled":false},"version":2}},"categories":[12],"tags":[8,7,32],"class_list":["post-5710","post","type-post","status-publish","format-standard","has-post-thumbnail","hentry","category-salud","tag-altagraciadeorituco","tag-guarico","tag-webdealta",""],"jetpack_publicize_connections":[],"jetpack_featured_media_url":"https:\/\/webdealta.info\/wp-content\/uploads\/2022\/10\/cancer-de-mama-webdealta.png","jetpack_sharing_enabled":true,"jetpack_likes_enabled":true,"jetpack-related-posts":[],"jetpack_shortlink":"https:\/\/wp.me\/pcseDn-1u6","_links":{"self":[{"href":"https:\/\/webdealta.info\/index.php?rest_route=\/wp\/v2\/posts\/5710","targetHints":{"allow":["GET"]}}],"collection":[{"href":"https:\/\/webdealta.info\/index.php?rest_route=\/wp\/v2\/posts"}],"about":[{"href":"https:\/\/webdealta.info\/index.php?rest_route=\/wp\/v2\/types\/post"}],"author":[{"embeddable":true,"href":"https:\/\/webdealta.info\/index.php?rest_route=\/wp\/v2\/users\/2"}],"replies":[{"embeddable":true,"href":"https:\/\/webdealta.info\/index.php?rest_route=%2Fwp%2Fv2%2Fcomments&post=5710"}],"version-history":[{"count":1,"href":"https:\/\/webdealta.info\/index.php?rest_route=\/wp\/v2\/posts\/5710\/revisions"}],"predecessor-version":[{"id":5712,"href":"https:\/\/webdealta.info\/index.php?rest_route=\/wp\/v2\/posts\/5710\/revisions\/5712"}],"wp:featuredmedia":[{"embeddable":true,"href":"https:\/\/webdealta.info\/index.php?rest_route=\/wp\/v2\/media\/5711"}],"wp:attachment":[{"href":"https:\/\/webdealta.info\/index.php?rest_route=%2Fwp%2Fv2%2Fmedia&parent=5710"}],"wp:term":[{"taxonomy":"category","embeddable":true,"href":"https:\/\/webdealta.info\/index.php?rest_route=%2Fwp%2Fv2%2Fcategories&post=5710"},{"taxonomy":"post_tag","embeddable":true,"href":"https:\/\/webdealta.info\/index.php?rest_route=%2Fwp%2Fv2%2Ftags&post=5710"}],"curies":[{"name":"wp","href":"https:\/\/api.w.org\/{rel}","templated":true}]}}