{"id":5693,"date":"2022-10-16T21:39:20","date_gmt":"2022-10-17T01:39:20","guid":{"rendered":"https:\/\/webdealta.info\/?p=5693"},"modified":"2022-10-16T21:39:21","modified_gmt":"2022-10-17T01:39:21","slug":"exito-rotundo-expo-ferias-gracitanos-2022","status":"publish","type":"post","link":"https:\/\/webdealta.info\/?p=5693","title":{"rendered":"\u00c9xito rotundo Expo Ferias Gracitanos 2022"},"content":{"rendered":"\n<p>Amanda Saldivia.-<\/p>\n\n\n\n<p>M\u00e1s de 40 expositores, el patrocinio de empresas importantes de la regi\u00f3n y la organizaci\u00f3n de Yin Zheng, Teresita, a nombre de @mamaconpower, hicieron posible la Expo Ferias Gracitanos 2022, evento concebido para fomentar el empoderamiento de la mujer, as\u00ed como tambi\u00e9n dedicado al entretenimiento de los ni\u00f1os con el show de Superh\u00e9roes y personales de Disney, entre otras atracciones.<\/p>\n\n\n\n<p>Durante el pasado s\u00e1bado 15 y domingo 16, la Casa Canarias de Altagracia de Orituco fue el centro de exposici\u00f3n de emprendedores y sobre todo de atracciones infantiles, con el cierre de un espectacular montaje musical donde sali\u00f3 a escena el capit\u00e1n Am\u00e9rica, la Mujer Maravilla, Goofy, Mirabel Madrigal, Princesas y Spiderman, adem\u00e1s de la pareja Minnie y Mickey Mouse.<\/p>\n\n\n\n<p>La emoci\u00f3n de los ni\u00f1os vali\u00f3 la pena, coment\u00f3 Yin Zheng, al referirse a los meses de organizaci\u00f3n de un evento inspirado en los ni\u00f1os y ante la certeza de mam\u00e1 de dos, que en Altagracia existen muy pocas opciones de entretenimiento, raz\u00f3n que la llev\u00f3 a crear un movimiento identificado con el nombre de @mamaconpower, el cual pueden seguir en la red social instagram.<\/p>\n\n\n\n<p>Al momento de inaugurar el evento dio gracias a Dios, a su esposo por \u201ccreer en cada locura de proyecto que tengo en mi mente, a la se\u00f1ora Teresa Rodr\u00edguez por creer en m\u00ed y me apoy\u00f3 desde el d\u00eda uno, gracias por prestarme las instalaciones, mi agradecimiento es infinito, a los amigos expositores, gracias por confiar en m\u00ed, ustedes son los protagonistas de este evento. Cr\u00e9anme que a partir de hoy tendremos muchas puertas abiertas, muchas felicitades para todos\u201d.<\/p>\n\n\n\n<figure class=\"wp-block-image size-large\"><img loading=\"lazy\" decoding=\"async\" width=\"1024\" height=\"546\" src=\"https:\/\/webdealta.info\/wp-content\/uploads\/2022\/10\/foto-2-webdealta-evento-1024x546.png\" alt=\"\" class=\"wp-image-5695\" srcset=\"https:\/\/webdealta.info\/wp-content\/uploads\/2022\/10\/foto-2-webdealta-evento.png 1024w, https:\/\/webdealta.info\/wp-content\/uploads\/2022\/10\/foto-2-webdealta-evento.png 300w, https:\/\/webdealta.info\/wp-content\/uploads\/2022\/10\/foto-2-webdealta-evento.png 768w, https:\/\/webdealta.info\/wp-content\/uploads\/2022\/10\/foto-2-webdealta-evento.png 1170w, https:\/\/webdealta.info\/wp-content\/uploads\/2022\/10\/foto-2-webdealta-evento.png 1500w, https:\/\/webdealta.info\/wp-content\/uploads\/2022\/10\/foto-2-webdealta-evento.png 1280w\" sizes=\"auto, (max-width: 640px) 100vw, 640px\" \/><\/figure>\n\n\n\n<p>Igualmente, expres\u00f3 su agradecimiento \u00aba los patrocinadores que han dado la mano a este bell\u00edsimo evento, finalmente estar\u00e9 siempre agradecida por todas las alianzas que se hicieron para que hoy sea posible este evento, gracias al equipo Web de Alta por la cobertura total del evento, a los animadores por ese s\u00ed desde el primer d\u00eda y al instructor Luis Miguel Padr\u00f3n\u201d.<\/p>\n\n\n\n<p>Fueron dos d\u00edas de jornada intensa en la casa Canarias de Altagracia de Orituco y el esp\u00edritu que resalt\u00f3 fue las ganas de que iniciativas como esas se multipliquen, porque es apostar por el desarrollo del municipio Monagas, a pesar de la situaci\u00f3n adversa que hay en una regi\u00f3n comprimida econ\u00f3micamente.<\/p>\n\n\n\n<p>Por su parte, Teresa Rodr\u00edguez, presidente de la Casa Canarias, quien no pudo estar presente en el evento, envi\u00f3 un mensaje por medio de mensajer\u00eda de WhatsApp, en el cual expres\u00f3 \u201cTeresita lo so\u00f1aste y lo hiciste realidad, fue quiz\u00e1s duro, pero no menos emocionante\u2026siempre estaremos prestos a apoyar todo emprendimiento que vaya en beneficio de nuestra Altagracia querida\u201d, eso en referencia al evento que tuvo cinco meses de organizaci\u00f3n.<\/p>\n\n\n\n<figure class=\"wp-block-image size-large\"><img loading=\"lazy\" decoding=\"async\" width=\"1024\" height=\"546\" src=\"https:\/\/webdealta.info\/wp-content\/uploads\/2022\/10\/foto-tres-webdealta-evento-1024x546.png\" alt=\"\" class=\"wp-image-5696\" srcset=\"https:\/\/webdealta.info\/wp-content\/uploads\/2022\/10\/foto-tres-webdealta-evento.png 1024w, https:\/\/webdealta.info\/wp-content\/uploads\/2022\/10\/foto-tres-webdealta-evento.png 300w, https:\/\/webdealta.info\/wp-content\/uploads\/2022\/10\/foto-tres-webdealta-evento.png 768w, https:\/\/webdealta.info\/wp-content\/uploads\/2022\/10\/foto-tres-webdealta-evento.png 1170w, https:\/\/webdealta.info\/wp-content\/uploads\/2022\/10\/foto-tres-webdealta-evento.png 1500w, https:\/\/webdealta.info\/wp-content\/uploads\/2022\/10\/foto-tres-webdealta-evento.png 1280w\" sizes=\"auto, (max-width: 640px) 100vw, 640px\" \/><\/figure>\n\n\n\n<p>A expositores les dijo que seguramente vendr\u00e1n otros eventos y a los patrocinantes las gracias por sumarse a una iniciativa que realz\u00f3 el gentilicio de esta regi\u00f3n. El mensaje fue en nombre de la Junta Directiva de la Casa Canarias para reiterar el apoyo a iniciativas como las de Yin Zheng, joven comerciante de la localidad.<\/p>\n\n\n\n<p>@amandasaldivia    <\/p>\n","protected":false},"excerpt":{"rendered":"<p>Amanda Saldivia.- M\u00e1s de 40 expositores, el patrocinio de empresas importantes de la regi\u00f3n y la organizaci\u00f3n de Yin Zheng, Teresita, a nombre de @mamaconpower, hicieron posible la Expo Ferias Gracitanos 2022, evento concebido para fomentar el empoderamiento de la mujer, as\u00ed como tambi\u00e9n dedicado al entretenimiento de los ni\u00f1os<\/p>\n","protected":false},"author":2,"featured_media":5694,"comment_status":"open","ping_status":"open","sticky":false,"template":"","format":"standard","meta":{"advanced_seo_description":"","jetpack_seo_html_title":"","jetpack_seo_noindex":false,"_jetpack_memberships_contains_paid_content":false,"footnotes":"","jetpack_publicize_message":"","jetpack_publicize_feature_enabled":true,"jetpack_social_post_already_shared":true,"jetpack_social_options":{"image_generator_settings":{"template":"highway","enabled":false},"version":2}},"categories":[117],"tags":[8,7,32],"class_list":["post-5693","post","type-post","status-publish","format-standard","has-post-thumbnail","hentry","category-celebracion","tag-altagraciadeorituco","tag-guarico","tag-webdealta",""],"jetpack_publicize_connections":[],"jetpack_featured_media_url":"https:\/\/webdealta.info\/wp-content\/uploads\/2022\/10\/foto-1-webdealta-evento.png","jetpack_sharing_enabled":true,"jetpack_likes_enabled":true,"jetpack-related-posts":[],"jetpack_shortlink":"https:\/\/wp.me\/pcseDn-1tP","_links":{"self":[{"href":"https:\/\/webdealta.info\/index.php?rest_route=\/wp\/v2\/posts\/5693","targetHints":{"allow":["GET"]}}],"collection":[{"href":"https:\/\/webdealta.info\/index.php?rest_route=\/wp\/v2\/posts"}],"about":[{"href":"https:\/\/webdealta.info\/index.php?rest_route=\/wp\/v2\/types\/post"}],"author":[{"embeddable":true,"href":"https:\/\/webdealta.info\/index.php?rest_route=\/wp\/v2\/users\/2"}],"replies":[{"embeddable":true,"href":"https:\/\/webdealta.info\/index.php?rest_route=%2Fwp%2Fv2%2Fcomments&post=5693"}],"version-history":[{"count":1,"href":"https:\/\/webdealta.info\/index.php?rest_route=\/wp\/v2\/posts\/5693\/revisions"}],"predecessor-version":[{"id":5697,"href":"https:\/\/webdealta.info\/index.php?rest_route=\/wp\/v2\/posts\/5693\/revisions\/5697"}],"wp:featuredmedia":[{"embeddable":true,"href":"https:\/\/webdealta.info\/index.php?rest_route=\/wp\/v2\/media\/5694"}],"wp:attachment":[{"href":"https:\/\/webdealta.info\/index.php?rest_route=%2Fwp%2Fv2%2Fmedia&parent=5693"}],"wp:term":[{"taxonomy":"category","embeddable":true,"href":"https:\/\/webdealta.info\/index.php?rest_route=%2Fwp%2Fv2%2Fcategories&post=5693"},{"taxonomy":"post_tag","embeddable":true,"href":"https:\/\/webdealta.info\/index.php?rest_route=%2Fwp%2Fv2%2Ftags&post=5693"}],"curies":[{"name":"wp","href":"https:\/\/api.w.org\/{rel}","templated":true}]}}