{"id":5690,"date":"2022-10-16T10:28:13","date_gmt":"2022-10-16T14:28:13","guid":{"rendered":"https:\/\/webdealta.info\/?p=5690"},"modified":"2022-10-16T10:28:14","modified_gmt":"2022-10-16T14:28:14","slug":"el-poder-del-conocimiento-escritora-susana-del-rosal","status":"publish","type":"post","link":"https:\/\/webdealta.info\/?p=5690","title":{"rendered":"El Poder del Conocimiento: escritora Susana del Rosal"},"content":{"rendered":"\n<p>Amanda Saldivia.-<\/p>\n\n\n\n<p>Altagracia est\u00e1 en un valle inspirador. Es tierra de poetas, m\u00fasicos y de ciudadanos que la realzan en distintas ramas del saber. La historia que les contamos est\u00e1 relacionada con una poetisa, escritora de cuentos infantiles, quien fue homenajeada en el marco del Festival Mundial de Poes\u00eda, cap\u00edtulo Gu\u00e1rico.<\/p>\n\n\n\n<p>Su nombre Susana del Rosal Hern\u00e1ndez Chiliberty y en el mundo de las letras, sencillamente Susana del Rosal. Sobre ella han escrito otros destacados gracitanos, como es el caso del Dr. Rodrigo Infante Marrero, m\u00e9dico de intachable trayectoria y escritor. \u00c9l incluy\u00f3 la biograf\u00eda de Susana del Rosal en el libro Valores de Orituco, editado en el a\u00f1o 2003.<\/p>\n\n\n\n<p>En la obra, menciona que Susana del Rosal estudi\u00f3 en el grupo escolar Jos\u00e9 Ram\u00f3n Camejo y en el liceo Ram\u00f3n Buenahora, as\u00ed como tambi\u00e9n cita el desempe\u00f1o profesional como trabajadora de la CANTV.<\/p>\n\n\n\n<p>Es que Susana es referencia al momento de revisar esos talentosos gracitanos en el mundo de las letras. Ella colabor\u00f3 por a\u00f1os en medios impresos regionales y ha recibido premios nacionales e internacionales.<\/p>\n\n\n\n<p>Al conocer del homenaje en el Festival Mundial de Poes\u00eda, nos comunicamos con ella, para saber m\u00e1s acerca de esa ni\u00f1a que desde los nueve a\u00f1os comenz\u00f3 a escribir cuentos.<\/p>\n\n\n\n<p>Entre las an\u00e9cdotas que comparti\u00f3 est\u00e1, que, en una oportunidad, no le creyeron que era la autora de un cuento al cual t\u00edtulo el R\u00edo de Oro. Record\u00f3 que estaba en quinto grado y la confusi\u00f3n le vali\u00f3 un castigo, porque la maestra pens\u00f3 que era una copia.<\/p>\n\n\n\n<p>Una vez superado ese trauma infantil, Susana del Rosal no ha dejado de escribir. Dice que tiene cuadernos por toda la casa, al punto de que ya est\u00e1n listos para publicar al menos 13 libros, m\u00e1s de mil poemas y cuentos sueltos. Eso aparte de las obras Roberto El Sapo, Gritos de un amor improvisado y Donde Vuelan los Colibr\u00edes.<\/p>\n\n\n\n<p>En esa \u00faltima publicaci\u00f3n est\u00e1 el poema titulado Fuerza, el cual dice \u201cFui dando pasos cortos y escal\u00e9 mi silencio, fui plantando a mis pasos mis restos de valor, escarb\u00e9 en los recuerdos profundos y te encontr\u00e9 perdida dentro de un caracol\u201d<\/p>\n\n\n\n<p>Al preguntarle cu\u00e1l de sus poes\u00edas era la preferida respondi\u00f3: Los poemas son hijos, entonces una madre no tiene preferido a ninguno de los hijos, a todos los quiere por igual\u2026los poemas son emociones que salen, que fluyen\u2026\u201d<\/p>\n\n\n\n<p>Felicitaciones a Susana del Rosal por la distinci\u00f3n en el Festival de Poes\u00eda cap\u00edtulo Gu\u00e1rico. Son los valores del Orituco, esos talentos gracitanos que nos llenan de orgullo y que realzan el gentilicio de esta regi\u00f3n guarique\u00f1a.<\/p>\n\n\n\n<p>El escrito corrresponde a la serie de micros El Poder del Conocimiento, iniciativa de la empresa Promasorca, espacio para enriquecer los saberes con curiosidades, an\u00e9cdotas e historias interesantes de nuestra regi\u00f3n Orituque\u00f1a y del mundo, que es transmitido en el programa Tiempo de Cambios por Activa 104.9 FM de Altagracia de Orituco.<\/p>\n\n\n\n<p>@amandasaldivia  <\/p>\n\n\n\n<p><\/p>\n","protected":false},"excerpt":{"rendered":"<p>Amanda Saldivia.- Altagracia est\u00e1 en un valle inspirador. Es tierra de poetas, m\u00fasicos y de ciudadanos que la realzan en distintas ramas del saber. La historia que les contamos est\u00e1 relacionada con una poetisa, escritora de cuentos infantiles, quien fue homenajeada en el marco del Festival Mundial de Poes\u00eda, cap\u00edtulo<\/p>\n","protected":false},"author":2,"featured_media":5691,"comment_status":"open","ping_status":"open","sticky":false,"template":"","format":"standard","meta":{"advanced_seo_description":"","jetpack_seo_html_title":"","jetpack_seo_noindex":false,"_jetpack_memberships_contains_paid_content":false,"footnotes":"","jetpack_publicize_message":"","jetpack_publicize_feature_enabled":true,"jetpack_social_post_already_shared":true,"jetpack_social_options":{"image_generator_settings":{"template":"highway","enabled":false},"version":2}},"categories":[302],"tags":[8,7,32],"class_list":["post-5690","post","type-post","status-publish","format-standard","has-post-thumbnail","hentry","category-el-poder-del-conocimiento","tag-altagraciadeorituco","tag-guarico","tag-webdealta",""],"jetpack_publicize_connections":[],"jetpack_featured_media_url":"https:\/\/webdealta.info\/wp-content\/uploads\/2022\/10\/susana-del-rosal-webdealta.png","jetpack_sharing_enabled":true,"jetpack_likes_enabled":true,"jetpack-related-posts":[],"jetpack_shortlink":"https:\/\/wp.me\/pcseDn-1tM","_links":{"self":[{"href":"https:\/\/webdealta.info\/index.php?rest_route=\/wp\/v2\/posts\/5690","targetHints":{"allow":["GET"]}}],"collection":[{"href":"https:\/\/webdealta.info\/index.php?rest_route=\/wp\/v2\/posts"}],"about":[{"href":"https:\/\/webdealta.info\/index.php?rest_route=\/wp\/v2\/types\/post"}],"author":[{"embeddable":true,"href":"https:\/\/webdealta.info\/index.php?rest_route=\/wp\/v2\/users\/2"}],"replies":[{"embeddable":true,"href":"https:\/\/webdealta.info\/index.php?rest_route=%2Fwp%2Fv2%2Fcomments&post=5690"}],"version-history":[{"count":1,"href":"https:\/\/webdealta.info\/index.php?rest_route=\/wp\/v2\/posts\/5690\/revisions"}],"predecessor-version":[{"id":5692,"href":"https:\/\/webdealta.info\/index.php?rest_route=\/wp\/v2\/posts\/5690\/revisions\/5692"}],"wp:featuredmedia":[{"embeddable":true,"href":"https:\/\/webdealta.info\/index.php?rest_route=\/wp\/v2\/media\/5691"}],"wp:attachment":[{"href":"https:\/\/webdealta.info\/index.php?rest_route=%2Fwp%2Fv2%2Fmedia&parent=5690"}],"wp:term":[{"taxonomy":"category","embeddable":true,"href":"https:\/\/webdealta.info\/index.php?rest_route=%2Fwp%2Fv2%2Fcategories&post=5690"},{"taxonomy":"post_tag","embeddable":true,"href":"https:\/\/webdealta.info\/index.php?rest_route=%2Fwp%2Fv2%2Ftags&post=5690"}],"curies":[{"name":"wp","href":"https:\/\/api.w.org\/{rel}","templated":true}]}}