{"id":5686,"date":"2022-10-16T10:05:47","date_gmt":"2022-10-16T14:05:47","guid":{"rendered":"https:\/\/webdealta.info\/?p=5686"},"modified":"2022-10-16T10:05:50","modified_gmt":"2022-10-16T14:05:50","slug":"nueva-directiva-de-la-fundacion-dr-pedro-maria-arevalo","status":"publish","type":"post","link":"https:\/\/webdealta.info\/?p=5686","title":{"rendered":"Nueva directiva de la fundaci\u00f3n Dr. Pedro Mar\u00eda Ar\u00e9valo"},"content":{"rendered":"\n<p>En reuni\u00f3n extraordinaria fue electa de la nueva junta directiva de la Fundaci\u00f3n Dr. Pedro Mar\u00eda Ar\u00e9valo Cede\u00f1o, en Altagracia de Orituco, instituci\u00f3n dedicada desde hace m\u00e1s de 40 a\u00f1os al fomento del quehacer cultural de esta regi\u00f3n del estado Gu\u00e1rico.<\/p>\n\n\n\n<p>El encuentro fue el pasado 12 de octubre y luego de la verificaci\u00f3n del qu\u00f3rum reglamentario, se someti\u00f3 a votaci\u00f3n la plancha \u00fanica, quedando conformada la nueva junta directiva de la siguiente manera:<\/p>\n\n\n\n<ul class=\"wp-block-list\"><li>Presidente: Alfredo D\u2019Suze<\/li><li>1er Vicepresidente: Eduardo Adames<\/li><li>2do Vicepresidente: Norbelis Marrero<\/li><li>Tesorera: Aura Carballo<\/li><\/ul>\n\n\n\n<p>Vocales:<\/p>\n\n\n\n<ol class=\"wp-block-list\" type=\"1\"><li>Mar\u00eda Ester P\u00e9rez (Relaciones P\u00fablicas y Protocolo)<\/li><li>Reimundo Hern\u00e1ndez (Arte)<\/li><li>Evelin Antolinez (Redes Sociales)<\/li><li>Julio Guacache (Deportes)<\/li><\/ol>\n\n\n\n<p>Suplentes:<\/p>\n\n\n\n<ol class=\"wp-block-list\" type=\"1\"><li>Jos\u00e9 M. Del Corral (Relaciones P\u00fablicas y Protocolo)<\/li><li>Nefel\u00edn Aular (Arte)<\/li><li>Carolina Rojas (Redes Sociales)<\/li><li>Ligda Utrera (Deportes)<\/li><\/ol>\n\n\n\n<p>Felicitaciones a la nueva Junta Directiva de la FUNPMAC y un agradecimiento a los miembros salientes, quienes hicieron una excelente labor. La Fundaci\u00f3n Dr. Pedro Mar\u00eda Ar\u00e9valo Cede\u00f1o necesita la participaci\u00f3n y el apoyo de todos los profesionales y habitantes de nuestro pueblo, los instamos a acercarse, aportar y participar.<\/p>\n\n\n\n<p>Prensa Funpmac <\/p>\n\n\n\n<p><\/p>\n","protected":false},"excerpt":{"rendered":"<p>En reuni\u00f3n extraordinaria fue electa de la nueva junta directiva de la Fundaci\u00f3n Dr. Pedro Mar\u00eda Ar\u00e9valo Cede\u00f1o, en Altagracia de Orituco, instituci\u00f3n dedicada desde hace m\u00e1s de 40 a\u00f1os al fomento del quehacer cultural de esta regi\u00f3n del estado Gu\u00e1rico. El encuentro fue el pasado 12 de octubre y<\/p>\n","protected":false},"author":2,"featured_media":5687,"comment_status":"open","ping_status":"open","sticky":false,"template":"","format":"standard","meta":{"advanced_seo_description":"","jetpack_seo_html_title":"","jetpack_seo_noindex":false,"_jetpack_memberships_contains_paid_content":false,"footnotes":"","jetpack_publicize_message":"","jetpack_publicize_feature_enabled":true,"jetpack_social_post_already_shared":true,"jetpack_social_options":{"image_generator_settings":{"template":"highway","enabled":false},"version":2}},"categories":[117],"tags":[8,7,32],"class_list":["post-5686","post","type-post","status-publish","format-standard","has-post-thumbnail","hentry","category-celebracion","tag-altagraciadeorituco","tag-guarico","tag-webdealta",""],"jetpack_publicize_connections":[],"jetpack_featured_media_url":"https:\/\/webdealta.info\/wp-content\/uploads\/2022\/10\/funpmac-webdealta.jpg","jetpack_sharing_enabled":true,"jetpack_likes_enabled":true,"jetpack-related-posts":[],"jetpack_shortlink":"https:\/\/wp.me\/pcseDn-1tI","_links":{"self":[{"href":"https:\/\/webdealta.info\/index.php?rest_route=\/wp\/v2\/posts\/5686","targetHints":{"allow":["GET"]}}],"collection":[{"href":"https:\/\/webdealta.info\/index.php?rest_route=\/wp\/v2\/posts"}],"about":[{"href":"https:\/\/webdealta.info\/index.php?rest_route=\/wp\/v2\/types\/post"}],"author":[{"embeddable":true,"href":"https:\/\/webdealta.info\/index.php?rest_route=\/wp\/v2\/users\/2"}],"replies":[{"embeddable":true,"href":"https:\/\/webdealta.info\/index.php?rest_route=%2Fwp%2Fv2%2Fcomments&post=5686"}],"version-history":[{"count":1,"href":"https:\/\/webdealta.info\/index.php?rest_route=\/wp\/v2\/posts\/5686\/revisions"}],"predecessor-version":[{"id":5688,"href":"https:\/\/webdealta.info\/index.php?rest_route=\/wp\/v2\/posts\/5686\/revisions\/5688"}],"wp:featuredmedia":[{"embeddable":true,"href":"https:\/\/webdealta.info\/index.php?rest_route=\/wp\/v2\/media\/5687"}],"wp:attachment":[{"href":"https:\/\/webdealta.info\/index.php?rest_route=%2Fwp%2Fv2%2Fmedia&parent=5686"}],"wp:term":[{"taxonomy":"category","embeddable":true,"href":"https:\/\/webdealta.info\/index.php?rest_route=%2Fwp%2Fv2%2Fcategories&post=5686"},{"taxonomy":"post_tag","embeddable":true,"href":"https:\/\/webdealta.info\/index.php?rest_route=%2Fwp%2Fv2%2Ftags&post=5686"}],"curies":[{"name":"wp","href":"https:\/\/api.w.org\/{rel}","templated":true}]}}