{"id":5671,"date":"2022-10-12T21:32:39","date_gmt":"2022-10-13T01:32:39","guid":{"rendered":"https:\/\/webdealta.info\/?p=5671"},"modified":"2022-10-12T21:36:56","modified_gmt":"2022-10-13T01:36:56","slug":"parroquia-san-jose-obrero-recibe-reliquia-del-beato-carlos-acutis","status":"publish","type":"post","link":"https:\/\/webdealta.info\/?p=5671","title":{"rendered":"Parroquia San Jos\u00e9 Obrero recibe reliquia del Beato Carlo Acutis"},"content":{"rendered":"\n<p>Amanda Saldivia.-<\/p>\n\n\n\n<p>La reliquia del Beato Carlo Acutis ser\u00e1 recibida este jueves 13 de octubre en la iglesia San Jos\u00e9 Obrero y permanecer\u00e1 hasta el pr\u00f3ximo domingo 16, como parte de la programaci\u00f3n organizada por el padre Luis M\u00e1rquez, la cual incluye peregrinaci\u00f3n por distintos colegios de Altagracia de Orituco.<\/p>\n\n\n\n<p>En el programa Tiempo de Cambios, transmitido por la emisora Activa 104.9 FM, el padre M\u00e1rquez comparti\u00f3 parte de la historia de Carlo Acutis, joven que muri\u00f3 de leucemia el 12 de octubre de 2006, cuando ten\u00eda tan solo 15 a\u00f1os de edad.<\/p>\n\n\n\n<p>Cont\u00f3 que el Beato naci\u00f3 en Londres el 3 de mayo de 1991, pero pas\u00f3 su vida en Italia, pa\u00eds de donde son oriundos sus padres. Adem\u00e1s, era considerado un genio de la inform\u00e1tica y se dedic\u00f3 a documentar los milagros eucar\u00edsticos que ocurr\u00edan en el mundo, a los fines de documentarlos en el sitio web que cre\u00f3.<br><br>La programaci\u00f3n es la siguiente:<\/p>\n\n\n\n<p><strong>Jueves 13\/10:<\/strong><\/p>\n\n\n\n<ul class=\"wp-block-list\"><li>9:00 am Eucarist\u00eda de Recibimiento<\/li><li>10:30 am Visita al Colegio Ntra. Sra. de Altagracia<\/li><li>4:00 pm sector la Uni\u00f3n, Brisas del Pe\u00f1\u00f3n, Brisas del Orituco y Colinas del Orituco<\/li><li>5:00 pm Las Mayitas<\/li><li>6:00 pm La Planta y Brisas del Estadio.<\/li><li>7:00 pm Brisas del Este y Pueblo Nuevo.<\/li><\/ul>\n\n\n\n<p><strong>Viernes 14\/10:<\/strong><\/p>\n\n\n\n<ul class=\"wp-block-list\"><li>8:30 am Visita a la U.E Jos\u00e9 Francisco Torrealba<\/li><li>9:30 am Visita a la U.E Ram\u00f3n Buenahora<\/li><li>3:00 pm Sector Centro y La Cuman\u00e1<\/li><li>4:00 pm Los Guires<\/li><li>5:00 pm Misa de Sanaci\u00f3n en el Templo Parroquial y Bendici\u00f3n con la Reliquia.<\/li><\/ul>\n\n\n\n<p><strong>S\u00e1bado 15\/10:<\/strong><\/p>\n\n\n\n<ul class=\"wp-block-list\"><li>8:30 am Encuentro Arciprestal de la Pastoral Juvenil. Concentraci\u00f3n en el Chala. Caminata de la fe de la juventud.<\/li><li>3:00 pm Sector Sim\u00f3n Bol\u00edvar<\/li><li>4:00 pm Sector Tricentenario 1 y San Jos\u00e9<\/li><li>5:00 pm Sector Tricentenario 3 y 4 y Vista Alegre<\/li><li>6:00 pm Sector San Carlos y Tricentenario 2<\/li><li>7:00 pm Sector Banco Obrero<\/li><\/ul>\n\n\n\n<p><strong>Domingo 16\/10:<\/strong><\/p>\n\n\n\n<ul class=\"wp-block-list\"><li>7:00 y 9:00 am: Misa Dominical<\/li><li>5:00 pm Misa de despedida de la Reliquia  <\/li><li><\/li><\/ul>\n","protected":false},"excerpt":{"rendered":"<p>Amanda Saldivia.- La reliquia del Beato Carlo Acutis ser\u00e1 recibida este jueves 13 de octubre en la iglesia San Jos\u00e9 Obrero y permanecer\u00e1 hasta el pr\u00f3ximo domingo 16, como parte de la programaci\u00f3n organizada por el padre Luis M\u00e1rquez, la cual incluye peregrinaci\u00f3n por distintos colegios de Altagracia de Orituco.<\/p>\n","protected":false},"author":2,"featured_media":5672,"comment_status":"open","ping_status":"open","sticky":false,"template":"","format":"standard","meta":{"advanced_seo_description":"","jetpack_seo_html_title":"","jetpack_seo_noindex":false,"_jetpack_memberships_contains_paid_content":false,"footnotes":"","jetpack_publicize_message":"","jetpack_publicize_feature_enabled":true,"jetpack_social_post_already_shared":true,"jetpack_social_options":{"image_generator_settings":{"template":"highway","enabled":false},"version":2}},"categories":[42],"tags":[8,7,32],"class_list":["post-5671","post","type-post","status-publish","format-standard","has-post-thumbnail","hentry","category-iglesia-catolica","tag-altagraciadeorituco","tag-guarico","tag-webdealta",""],"jetpack_publicize_connections":[],"jetpack_featured_media_url":"https:\/\/webdealta.info\/wp-content\/uploads\/2022\/10\/carlos-acutis-webdealta.png","jetpack_sharing_enabled":true,"jetpack_likes_enabled":true,"jetpack-related-posts":[],"jetpack_shortlink":"https:\/\/wp.me\/pcseDn-1tt","_links":{"self":[{"href":"https:\/\/webdealta.info\/index.php?rest_route=\/wp\/v2\/posts\/5671","targetHints":{"allow":["GET"]}}],"collection":[{"href":"https:\/\/webdealta.info\/index.php?rest_route=\/wp\/v2\/posts"}],"about":[{"href":"https:\/\/webdealta.info\/index.php?rest_route=\/wp\/v2\/types\/post"}],"author":[{"embeddable":true,"href":"https:\/\/webdealta.info\/index.php?rest_route=\/wp\/v2\/users\/2"}],"replies":[{"embeddable":true,"href":"https:\/\/webdealta.info\/index.php?rest_route=%2Fwp%2Fv2%2Fcomments&post=5671"}],"version-history":[{"count":2,"href":"https:\/\/webdealta.info\/index.php?rest_route=\/wp\/v2\/posts\/5671\/revisions"}],"predecessor-version":[{"id":5674,"href":"https:\/\/webdealta.info\/index.php?rest_route=\/wp\/v2\/posts\/5671\/revisions\/5674"}],"wp:featuredmedia":[{"embeddable":true,"href":"https:\/\/webdealta.info\/index.php?rest_route=\/wp\/v2\/media\/5672"}],"wp:attachment":[{"href":"https:\/\/webdealta.info\/index.php?rest_route=%2Fwp%2Fv2%2Fmedia&parent=5671"}],"wp:term":[{"taxonomy":"category","embeddable":true,"href":"https:\/\/webdealta.info\/index.php?rest_route=%2Fwp%2Fv2%2Fcategories&post=5671"},{"taxonomy":"post_tag","embeddable":true,"href":"https:\/\/webdealta.info\/index.php?rest_route=%2Fwp%2Fv2%2Ftags&post=5671"}],"curies":[{"name":"wp","href":"https:\/\/api.w.org\/{rel}","templated":true}]}}