{"id":5661,"date":"2022-10-12T18:31:39","date_gmt":"2022-10-12T22:31:39","guid":{"rendered":"https:\/\/webdealta.info\/?p=5661"},"modified":"2022-10-12T18:31:40","modified_gmt":"2022-10-12T22:31:40","slug":"final-del-miss-teen-venezuela-todos-con-armalys-yanez","status":"publish","type":"post","link":"https:\/\/webdealta.info\/?p=5661","title":{"rendered":"Final del Miss Teen Venezuela \u00a1Todos con Armalys Yanez!"},"content":{"rendered":"\n<p>Amanda Saldivia.-<\/p>\n\n\n\n<p>Ma\u00f1ana es el gran d\u00eda para Armalys Yanez, gracitana que representa al estado Gu\u00e1rico en el certamen Miss Teen Venezuela, cuya final se celebrar\u00e1 este jueves 13 de octubre en el hotel Venetur de la Isla de Margarita y que podr\u00e1n seguir en vivo por Instagram @missteenvenezuela, a partir de las 8:00 pm.<\/p>\n\n\n\n<p>Armalys, en una de las 22 participantes y con orgullo lleva la banda del estado Gu\u00e1rico, tierra donde naci\u00f3 hace 19 a\u00f1os. Cursa estudios de Fisioterapia en la Universidad R\u00f3mulo Gallegos de la entidad llanera, espec\u00edficamente en el n\u00facleo Altagracia, donde est\u00e1 residenciada.<\/p>\n\n\n\n<p>Desde el pasado 29 de septiembre todas las participantes est\u00e1n en la Isla de Margarita, como parte de las actividades previas al concurso, la mayor\u00eda de las veces con ropa y accesorios color rosa, caracter\u00edstico del Miss Teen Venezuela.<\/p>\n\n\n\n<p>En este concurso participan j\u00f3venes entre los 15 y los 20 a\u00f1os de edad. Armalys Yanez se destaca por su espectacular figura, pasarela y hermosa cabellera negra. Este a\u00f1o el evento ser\u00e1 animado por las morochas Valentina y Ver\u00f3nica Figuera.<\/p>\n\n\n\n<p>Apoya a nuestra candidata, s\u00edguela en Instagram @armalys.yanez<\/p>\n\n\n\n<p>@amandasaldivia  <\/p>\n\n\n\n<p><\/p>\n","protected":false},"excerpt":{"rendered":"<p>Amanda Saldivia.- Ma\u00f1ana es el gran d\u00eda para Armalys Yanez, gracitana que representa al estado Gu\u00e1rico en el certamen Miss Teen Venezuela, cuya final se celebrar\u00e1 este jueves 13 de octubre en el hotel Venetur de la Isla de Margarita y que podr\u00e1n seguir en vivo por Instagram @missteenvenezuela, a<\/p>\n","protected":false},"author":2,"featured_media":5662,"comment_status":"open","ping_status":"open","sticky":false,"template":"","format":"standard","meta":{"advanced_seo_description":"","jetpack_seo_html_title":"","jetpack_seo_noindex":false,"_jetpack_memberships_contains_paid_content":false,"footnotes":"","jetpack_publicize_message":"","jetpack_publicize_feature_enabled":true,"jetpack_social_post_already_shared":true,"jetpack_social_options":{"image_generator_settings":{"template":"highway","enabled":false},"version":2}},"categories":[320],"tags":[8,7,32],"class_list":["post-5661","post","type-post","status-publish","format-standard","has-post-thumbnail","hentry","category-belleza","tag-altagraciadeorituco","tag-guarico","tag-webdealta",""],"jetpack_publicize_connections":[],"jetpack_featured_media_url":"https:\/\/webdealta.info\/wp-content\/uploads\/2022\/10\/armalys-yanez-miss-guarico-webdealta.png","jetpack_sharing_enabled":true,"jetpack_likes_enabled":true,"jetpack-related-posts":[],"jetpack_shortlink":"https:\/\/wp.me\/pcseDn-1tj","_links":{"self":[{"href":"https:\/\/webdealta.info\/index.php?rest_route=\/wp\/v2\/posts\/5661","targetHints":{"allow":["GET"]}}],"collection":[{"href":"https:\/\/webdealta.info\/index.php?rest_route=\/wp\/v2\/posts"}],"about":[{"href":"https:\/\/webdealta.info\/index.php?rest_route=\/wp\/v2\/types\/post"}],"author":[{"embeddable":true,"href":"https:\/\/webdealta.info\/index.php?rest_route=\/wp\/v2\/users\/2"}],"replies":[{"embeddable":true,"href":"https:\/\/webdealta.info\/index.php?rest_route=%2Fwp%2Fv2%2Fcomments&post=5661"}],"version-history":[{"count":1,"href":"https:\/\/webdealta.info\/index.php?rest_route=\/wp\/v2\/posts\/5661\/revisions"}],"predecessor-version":[{"id":5663,"href":"https:\/\/webdealta.info\/index.php?rest_route=\/wp\/v2\/posts\/5661\/revisions\/5663"}],"wp:featuredmedia":[{"embeddable":true,"href":"https:\/\/webdealta.info\/index.php?rest_route=\/wp\/v2\/media\/5662"}],"wp:attachment":[{"href":"https:\/\/webdealta.info\/index.php?rest_route=%2Fwp%2Fv2%2Fmedia&parent=5661"}],"wp:term":[{"taxonomy":"category","embeddable":true,"href":"https:\/\/webdealta.info\/index.php?rest_route=%2Fwp%2Fv2%2Fcategories&post=5661"},{"taxonomy":"post_tag","embeddable":true,"href":"https:\/\/webdealta.info\/index.php?rest_route=%2Fwp%2Fv2%2Ftags&post=5661"}],"curies":[{"name":"wp","href":"https:\/\/api.w.org\/{rel}","templated":true}]}}