{"id":5656,"date":"2022-10-12T15:47:01","date_gmt":"2022-10-12T19:47:01","guid":{"rendered":"https:\/\/webdealta.info\/?p=5656"},"modified":"2022-10-12T15:47:04","modified_gmt":"2022-10-12T19:47:04","slug":"balance-de-lluvias-y-acciones-informo-gobernador-de-guarico","status":"publish","type":"post","link":"https:\/\/webdealta.info\/?p=5656","title":{"rendered":"Balance de lluvias y acciones inform\u00f3 gobernador de Gu\u00e1rico"},"content":{"rendered":"\n<p>El gobernador del estado Gu\u00e1rico Jos\u00e9 V\u00e1squez, durante el balance de atenci\u00f3n ante los estragos generados en el territorio llanero, inform\u00f3 sobre la adquisici\u00f3n de elementos necesarios para restablecer el tr\u00e1nsito en 8 troncales que convergen en la entidad, adem\u00e1s de un mayor despliegue de equipos de apoyos log\u00edstico en el \u00e1mbito social en los diferentes municipios.<\/p>\n\n\n\n<p>En relaci\u00f3n al tema de infraestructura, el mandatario regional indic\u00f3 que entre las afectaciones de vialidad se atender\u00e1 el colapso de la alcantarilla en la Troncal 13, espec\u00edficamente en la zona previa al Peaje El Sombrero en el municipio Juli\u00e1n Mellado. Asimismo, hacia el oriente de la entidad en esta misma carretera nacional, a 8 km del Peaje La Pascua del municipio Leonardo Infante, v\u00eda al municipio Jos\u00e9 F\u00e9lix Ribas, se realizar\u00e1 la sustituci\u00f3n de una tuber\u00eda de concreto.<\/p>\n\n\n\n<p>De igual forma, para la troncal 15, tambi\u00e9n acot\u00f3 que se realiza el env\u00edo de una tuber\u00eda de concreto para replicar los trabajos de mejora de la vialidad en el tramo del Peaje La Pascua 2 en Valle de la Pascua; adem\u00e1s, tambi\u00e9n mencion\u00f3 que se ha procedido a la movilizaci\u00f3n de tuber\u00eda para atender el tramo de la Troncal 13 en el tramo Tig\u00fcig\u00fce \u2013 El Sombrero.<\/p>\n\n\n\n<p>A su vez, mencion\u00f3 que actualmente se ejecutan labores para sustituir la tuber\u00eda transversal en la Troncal 11, tramo San Jos\u00e9 de Guaribe en el sector El Cedro, contando con el despliegue y articulaci\u00f3n de la gobernaci\u00f3n, Hidrop\u00e1ez, Barrio Nuevo Barrio Tricolor y Ministerio de Transporte.<\/p>\n\n\n\n<p>Entre las acciones que ya se han concluido, referentes al restablecimiento de la vialidad afectada por las fuertes precipitaciones, el gobernador Jos\u00e9 V\u00e1squez inform\u00f3 que ya se activ\u00f3 el tr\u00e1nsito de manera progresiva en la Troncal 11, espec\u00edficamente en el sector El Delirio del municipio San Jos\u00e9 de Guaribe, el cual comunica a la poblaci\u00f3n de Valle Guanape, estado Anzo\u00e1tegui, adem\u00e1s de abrir el tr\u00e1nsito en la troncal 8 que conecta la poblaci\u00f3n de El Sombrero (Gu\u00e1rico) con Barbacoas (Aragua) donde hab\u00eda colapsado una alcantarilla.<\/p>\n\n\n\n<p>Dentro de las acciones destinadas al \u00e1mbito social, V\u00e1squez anunci\u00f3 que m\u00e1s de 225 viviendas se encuentran afectadas debido a las lluvias entre los municipios Pedro Zaraza, Jos\u00e9 F\u00e9lix Ribas y Jos\u00e9 Tadeo Monagas, d\u00f3nde se ha procedido a la evaluaci\u00f3n de los da\u00f1os de la estructura general en cada una; adem\u00e1s de contar con 3 refugios donde se garantiza la protecci\u00f3n a 45 familias que a\u00fan se mantienen en los mismos.<\/p>\n\n\n\n<p>Seguidamente, asegur\u00f3 que m\u00e1s de 200 colchones se entregar\u00e1n a las familias afectadas en el territorio mediante una primera fase, adem\u00e1s de continuar con la atenci\u00f3n alimentaria con combos proteicos y m\u00f3dulos alimenticios.<\/p>\n\n\n\n<p>Sibci Gu\u00e1rico  <\/p>\n\n\n\n<p><\/p>\n","protected":false},"excerpt":{"rendered":"<p>El gobernador del estado Gu\u00e1rico Jos\u00e9 V\u00e1squez, durante el balance de atenci\u00f3n ante los estragos generados en el territorio llanero, inform\u00f3 sobre la adquisici\u00f3n de elementos necesarios para restablecer el tr\u00e1nsito en 8 troncales que convergen en la entidad, adem\u00e1s de un mayor despliegue de equipos de apoyos log\u00edstico en<\/p>\n","protected":false},"author":2,"featured_media":5657,"comment_status":"open","ping_status":"open","sticky":false,"template":"","format":"standard","meta":{"advanced_seo_description":"","jetpack_seo_html_title":"","jetpack_seo_noindex":false,"_jetpack_memberships_contains_paid_content":false,"footnotes":"","jetpack_publicize_message":"","jetpack_publicize_feature_enabled":true,"jetpack_social_post_already_shared":true,"jetpack_social_options":{"image_generator_settings":{"template":"highway","enabled":false},"version":2}},"categories":[284],"tags":[8,7,32],"class_list":["post-5656","post","type-post","status-publish","format-standard","has-post-thumbnail","hentry","category-gobierno-de-guarico","tag-altagraciadeorituco","tag-guarico","tag-webdealta",""],"jetpack_publicize_connections":[],"jetpack_featured_media_url":"https:\/\/webdealta.info\/wp-content\/uploads\/2022\/10\/gobernador-webdealta-info.png","jetpack_sharing_enabled":true,"jetpack_likes_enabled":true,"jetpack-related-posts":[],"jetpack_shortlink":"https:\/\/wp.me\/pcseDn-1te","_links":{"self":[{"href":"https:\/\/webdealta.info\/index.php?rest_route=\/wp\/v2\/posts\/5656","targetHints":{"allow":["GET"]}}],"collection":[{"href":"https:\/\/webdealta.info\/index.php?rest_route=\/wp\/v2\/posts"}],"about":[{"href":"https:\/\/webdealta.info\/index.php?rest_route=\/wp\/v2\/types\/post"}],"author":[{"embeddable":true,"href":"https:\/\/webdealta.info\/index.php?rest_route=\/wp\/v2\/users\/2"}],"replies":[{"embeddable":true,"href":"https:\/\/webdealta.info\/index.php?rest_route=%2Fwp%2Fv2%2Fcomments&post=5656"}],"version-history":[{"count":1,"href":"https:\/\/webdealta.info\/index.php?rest_route=\/wp\/v2\/posts\/5656\/revisions"}],"predecessor-version":[{"id":5658,"href":"https:\/\/webdealta.info\/index.php?rest_route=\/wp\/v2\/posts\/5656\/revisions\/5658"}],"wp:featuredmedia":[{"embeddable":true,"href":"https:\/\/webdealta.info\/index.php?rest_route=\/wp\/v2\/media\/5657"}],"wp:attachment":[{"href":"https:\/\/webdealta.info\/index.php?rest_route=%2Fwp%2Fv2%2Fmedia&parent=5656"}],"wp:term":[{"taxonomy":"category","embeddable":true,"href":"https:\/\/webdealta.info\/index.php?rest_route=%2Fwp%2Fv2%2Fcategories&post=5656"},{"taxonomy":"post_tag","embeddable":true,"href":"https:\/\/webdealta.info\/index.php?rest_route=%2Fwp%2Fv2%2Ftags&post=5656"}],"curies":[{"name":"wp","href":"https:\/\/api.w.org\/{rel}","templated":true}]}}