{"id":5651,"date":"2022-10-12T08:05:14","date_gmt":"2022-10-12T12:05:14","guid":{"rendered":"https:\/\/webdealta.info\/?p=5651"},"modified":"2022-10-12T08:12:31","modified_gmt":"2022-10-12T12:12:31","slug":"se-eleva-a-43-la-cifra-de-fallecidos-en-las-tejerias","status":"publish","type":"post","link":"https:\/\/webdealta.info\/?p=5651","title":{"rendered":"Se elev\u00f3 a 43 la cifra de fallecidos en Las Tejer\u00edas"},"content":{"rendered":"\n<p>Amanda Saldivia.-<\/p>\n\n\n\n<p>A 43 personas fallecidas se elev\u00f3 el n\u00famero de v\u00edctimas del deslave ocurrido en Las Tejer\u00edas, estado Aragua, eso de acuerdo al balance que ofreci\u00f3 la vicepresidenta de la Rep\u00fablica Delcy Rodr\u00edguez, pasada las seis de la tarde de este martes 11 de octubre.<\/p>\n\n\n\n<p>La cifra de desaparecidos se mantiene en 56 y la b\u00fasqueda contin\u00faa en toda la zona afectada. Referente a los servicios p\u00fablicos, dijo que el 95 por ciento de la electricidad fue restablecida y en un 100 por ciento la telefon\u00eda m\u00f3vil.<\/p>\n\n\n\n<p>La vicepresidenta tambi\u00e9n se refiri\u00f3 al n\u00famero de viviendas afectadas. Precis\u00f3 que son 757, de las cuales 123 est\u00e1n en zonas de riesgo y 317 destruidas.<\/p>\n\n\n\n<p>@amandasaldivia  <\/p>\n\n\n\n<p><\/p>\n","protected":false},"excerpt":{"rendered":"<p>Amanda Saldivia.- A 43 personas fallecidas se elev\u00f3 el n\u00famero de v\u00edctimas del deslave ocurrido en Las Tejer\u00edas, estado Aragua, eso de acuerdo al balance que ofreci\u00f3 la vicepresidenta de la Rep\u00fablica Delcy Rodr\u00edguez, pasada las seis de la tarde de este martes 11 de octubre. La cifra de desaparecidos<\/p>\n","protected":false},"author":2,"featured_media":5652,"comment_status":"open","ping_status":"open","sticky":false,"template":"","format":"standard","meta":{"advanced_seo_description":"","jetpack_seo_html_title":"","jetpack_seo_noindex":false,"_jetpack_memberships_contains_paid_content":false,"footnotes":"","jetpack_publicize_message":"","jetpack_publicize_feature_enabled":true,"jetpack_social_post_already_shared":true,"jetpack_social_options":{"image_generator_settings":{"template":"highway","enabled":false},"version":2}},"categories":[54],"tags":[8,7,32],"class_list":["post-5651","post","type-post","status-publish","format-standard","has-post-thumbnail","hentry","category-lluvias","tag-altagraciadeorituco","tag-guarico","tag-webdealta",""],"jetpack_publicize_connections":[],"jetpack_featured_media_url":"https:\/\/webdealta.info\/wp-content\/uploads\/2022\/10\/las-telejias-ap-webdealta.png","jetpack_sharing_enabled":true,"jetpack_likes_enabled":true,"jetpack-related-posts":[],"jetpack_shortlink":"https:\/\/wp.me\/pcseDn-1t9","_links":{"self":[{"href":"https:\/\/webdealta.info\/index.php?rest_route=\/wp\/v2\/posts\/5651","targetHints":{"allow":["GET"]}}],"collection":[{"href":"https:\/\/webdealta.info\/index.php?rest_route=\/wp\/v2\/posts"}],"about":[{"href":"https:\/\/webdealta.info\/index.php?rest_route=\/wp\/v2\/types\/post"}],"author":[{"embeddable":true,"href":"https:\/\/webdealta.info\/index.php?rest_route=\/wp\/v2\/users\/2"}],"replies":[{"embeddable":true,"href":"https:\/\/webdealta.info\/index.php?rest_route=%2Fwp%2Fv2%2Fcomments&post=5651"}],"version-history":[{"count":2,"href":"https:\/\/webdealta.info\/index.php?rest_route=\/wp\/v2\/posts\/5651\/revisions"}],"predecessor-version":[{"id":5654,"href":"https:\/\/webdealta.info\/index.php?rest_route=\/wp\/v2\/posts\/5651\/revisions\/5654"}],"wp:featuredmedia":[{"embeddable":true,"href":"https:\/\/webdealta.info\/index.php?rest_route=\/wp\/v2\/media\/5652"}],"wp:attachment":[{"href":"https:\/\/webdealta.info\/index.php?rest_route=%2Fwp%2Fv2%2Fmedia&parent=5651"}],"wp:term":[{"taxonomy":"category","embeddable":true,"href":"https:\/\/webdealta.info\/index.php?rest_route=%2Fwp%2Fv2%2Fcategories&post=5651"},{"taxonomy":"post_tag","embeddable":true,"href":"https:\/\/webdealta.info\/index.php?rest_route=%2Fwp%2Fv2%2Ftags&post=5651"}],"curies":[{"name":"wp","href":"https:\/\/api.w.org\/{rel}","templated":true}]}}