{"id":5645,"date":"2022-10-11T21:00:14","date_gmt":"2022-10-12T01:00:14","guid":{"rendered":"https:\/\/webdealta.info\/?p=5645"},"modified":"2022-10-11T21:00:15","modified_gmt":"2022-10-12T01:00:15","slug":"callejon-san-jose-tina-en-la-red-y-luminarias-que-no-sirven","status":"publish","type":"post","link":"https:\/\/webdealta.info\/?p=5645","title":{"rendered":"Callej\u00f3n San Jos\u00e9: ti\u00f1a en la red y luminarias que no sirven"},"content":{"rendered":"\n<p>Amanda Saldivia.-<\/p>\n\n\n\n<p>En el callej\u00f3n San Jos\u00e9 de Altagracia de Orituco se evidencia la falta de mantenimiento en las redes el\u00e9ctrica, tanto por la abundancia de ti\u00f1a a lo largo del cableado, como por el alumbrado p\u00fablico que dej\u00f3 de funcionar desde hace dos a\u00f1os.<\/p>\n\n\n\n<p>El problema es de vieja data, de acuerdo a lo expresado por Oscar Andr\u00e9s Mesia, quien explic\u00f3 que est\u00e1n sin el alumbrado p\u00fablico desde hace dos a\u00f1os, porque las luminarias no sirven, a lo que se suma que hay cortos en las redes, porque el peso de la ti\u00f1a y la acci\u00f3n del viento hacen que las \u201ccuerdas rocen\u201d.<\/p>\n\n\n\n<p>En el testimonio ofrecido a la Web de Altagracia, dijo que han realizado gestiones ante la alcald\u00eda y que incluso recientemente por medio de la aplicaci\u00f3n VenApp, pero no han obtenido una respuesta satisfactoria, es decir que realicen el mantenimiento a las redes y que coloquen nuevas luminarias.<\/p>\n\n\n\n<p>Mencion\u00f3 que s\u00ed recibieron la visita de personas vinculadas al gobierno, a ra\u00edz de la denuncia en la VenApp, pero sin la respuesta esperada.<\/p>\n\n\n\n<p>@amandasaldivia   <\/p>\n\n\n\n<p><\/p>\n","protected":false},"excerpt":{"rendered":"<p>Amanda Saldivia.- En el callej\u00f3n San Jos\u00e9 de Altagracia de Orituco se evidencia la falta de mantenimiento en las redes el\u00e9ctrica, tanto por la abundancia de ti\u00f1a a lo largo del cableado, como por el alumbrado p\u00fablico que dej\u00f3 de funcionar desde hace dos a\u00f1os. El problema es de vieja<\/p>\n","protected":false},"author":2,"featured_media":5646,"comment_status":"open","ping_status":"open","sticky":false,"template":"","format":"standard","meta":{"advanced_seo_description":"","jetpack_seo_html_title":"","jetpack_seo_noindex":false,"_jetpack_memberships_contains_paid_content":false,"footnotes":"","jetpack_publicize_message":"","jetpack_publicize_feature_enabled":true,"jetpack_social_post_already_shared":true,"jetpack_social_options":{"image_generator_settings":{"template":"highway","enabled":false},"version":2}},"categories":[89],"tags":[8,7,32],"class_list":["post-5645","post","type-post","status-publish","format-standard","has-post-thumbnail","hentry","category-comunidad","tag-altagraciadeorituco","tag-guarico","tag-webdealta",""],"jetpack_publicize_connections":[],"jetpack_featured_media_url":"https:\/\/webdealta.info\/wp-content\/uploads\/2022\/10\/callejon-San-Jose.png","jetpack_sharing_enabled":true,"jetpack_likes_enabled":true,"jetpack-related-posts":[],"jetpack_shortlink":"https:\/\/wp.me\/pcseDn-1t3","_links":{"self":[{"href":"https:\/\/webdealta.info\/index.php?rest_route=\/wp\/v2\/posts\/5645","targetHints":{"allow":["GET"]}}],"collection":[{"href":"https:\/\/webdealta.info\/index.php?rest_route=\/wp\/v2\/posts"}],"about":[{"href":"https:\/\/webdealta.info\/index.php?rest_route=\/wp\/v2\/types\/post"}],"author":[{"embeddable":true,"href":"https:\/\/webdealta.info\/index.php?rest_route=\/wp\/v2\/users\/2"}],"replies":[{"embeddable":true,"href":"https:\/\/webdealta.info\/index.php?rest_route=%2Fwp%2Fv2%2Fcomments&post=5645"}],"version-history":[{"count":1,"href":"https:\/\/webdealta.info\/index.php?rest_route=\/wp\/v2\/posts\/5645\/revisions"}],"predecessor-version":[{"id":5647,"href":"https:\/\/webdealta.info\/index.php?rest_route=\/wp\/v2\/posts\/5645\/revisions\/5647"}],"wp:featuredmedia":[{"embeddable":true,"href":"https:\/\/webdealta.info\/index.php?rest_route=\/wp\/v2\/media\/5646"}],"wp:attachment":[{"href":"https:\/\/webdealta.info\/index.php?rest_route=%2Fwp%2Fv2%2Fmedia&parent=5645"}],"wp:term":[{"taxonomy":"category","embeddable":true,"href":"https:\/\/webdealta.info\/index.php?rest_route=%2Fwp%2Fv2%2Fcategories&post=5645"},{"taxonomy":"post_tag","embeddable":true,"href":"https:\/\/webdealta.info\/index.php?rest_route=%2Fwp%2Fv2%2Ftags&post=5645"}],"curies":[{"name":"wp","href":"https:\/\/api.w.org\/{rel}","templated":true}]}}