{"id":5638,"date":"2022-10-10T16:57:14","date_gmt":"2022-10-10T20:57:14","guid":{"rendered":"https:\/\/webdealta.info\/?p=5638"},"modified":"2022-10-10T16:57:15","modified_gmt":"2022-10-10T20:57:15","slug":"el-poder-del-conocimiento-fundacion-del-colegio-barnuevo","status":"publish","type":"post","link":"https:\/\/webdealta.info\/?p=5638","title":{"rendered":"El Poder del Conocimiento: fundaci\u00f3n del colegio Barnuevo"},"content":{"rendered":"\n<p>Amanda Saldivia.-<\/p>\n\n\n\n<p>Altagracia de Orituco es una regi\u00f3n de iniciativas ciudadanas. La historia que les contamos est\u00e1 relacionada con la creaci\u00f3n del colegio Padre Juan de Barnuevo, instituci\u00f3n que fue fundada en el a\u00f1o 1958.<\/p>\n\n\n\n<p>En la obra Calles, Sitios y Aleros de Altagracia de Orituco, el Dr. Pedro Natalio Ar\u00e9valo, relata que el cinco de junio de 1958, en plena misa de Corpus Christi se conoci\u00f3 de la creaci\u00f3n de este plantel.<\/p>\n\n\n\n<p>El anuncio lo hizo el padre \u00c1ngel Adolfo Polachini Rodr\u00edguez, considerado el director espiritual de esa instituci\u00f3n educativa, quien fue un sacerdote gracitano, que \u00e9l autor describe como \u201ctrabajador incansable y fraternal amigo, que dignamente rigi\u00f3 la Di\u00f3cesis de Guanare, como su Obispo\u201d.<\/p>\n\n\n\n<p>El Dr. Pedro Natalio Ar\u00e9valo precisa, que se escogi\u00f3 el nombre de Padre Juan de Barnuevo, en recordatorio a ese primer sacerdote que sirvi\u00f3 a la parroquia Nuestra Se\u00f1ora de Altagracia, desde la fundaci\u00f3n en el a\u00f1o 1676 hasta 1706.<\/p>\n\n\n\n<p>Otro dato interesante es que el primer d\u00eda de clases del colegio Padre Juan de Barnuevo fue el 2 de octubre de 1958. Funcionaba en la casa parroquial y comenz\u00f3 con una matr\u00edcula de 17 estudiantes, bajo la gu\u00eda de destacados docentes, entre ellos Socorro Leal Marrero, Mauro Bandres Garc\u00eda y la distinguida Hilmar Hern\u00e1ndez de Constant.<\/p>\n\n\n\n<p>En el medio impreso El Diamante, espec\u00edficamente en la edici\u00f3n de agosto de 1965, se puede leer que el k\u00ednder del colegio Padre Juan de Barnuevo llevaba el ep\u00f3nimo de Madre Teresita y la promoci\u00f3n de ese a\u00f1o fue distinguida con el nombre de Monse\u00f1or \u00c1ngel Polachini en recuerdo al fundador del plantel, quien un \u201cdos de octubre multiplic\u00f3 esfuerzos para que ese instituto naciera\u201d.<\/p>\n\n\n\n<p>Al final del amplio art\u00edculo publicado en El Diamante, medio impreso de la \u00e9poca, se destaca la lista de docentes en cada uno de los grados. La maestra de Kinder era Stherlina Hern\u00e1ndez Chiliberti, de primero Mar\u00eda Loreto, segundo grado Zoila de Hernpandez, tercer grado Ludmila de P\u00e9rez, cuarto Mar\u00eda Madero, quinto Gladys Osio, sexto grado Irmar Hernapdnez, el director el padre Antonio Requena y la sud directora Irma Hern\u00e1ndez.<\/p>\n\n\n\n<p>Tanto la iglesia como los padres y representantes del colegio Padre Juan de Barnuevo, continuaron con la promoci\u00f3n de actividades pro fondos que garantizaran una sede propia, en la cual pudieran recibir m\u00e1s estudiantes y disponer de \u00e1reas m\u00e1s espaciosas, lo que permiti\u00f3 adquirir la casona en la calle Sucre de Altagracia de Orituco, donde funciona actualmente.<\/p>\n\n\n\n<p>La fundaci\u00f3n del colegio Padre Juan de Barnuevo es otra nuestra de las iniciativas que siempre han existido en esta poblaci\u00f3n del estado Gu\u00e1rico, donde los ciudadanos han sido clave para el desarrollo de este valle orituque\u00f1o.<\/p>\n\n\n\n<p>Esa historia form\u00f3 parte de la serie de micros titulados El Poder del Conocimiento, iniciativa de Promasorca, para enriquecer los saberes, los cuales son transmitido en el programa Tiempo de Cambios, por Activa 104.9 FM.<\/p>\n\n\n\n<p>@amandasaldivia  <\/p>\n\n\n\n<p><\/p>\n","protected":false},"excerpt":{"rendered":"<p>Amanda Saldivia.- Altagracia de Orituco es una regi\u00f3n de iniciativas ciudadanas. La historia que les contamos est\u00e1 relacionada con la creaci\u00f3n del colegio Padre Juan de Barnuevo, instituci\u00f3n que fue fundada en el a\u00f1o 1958. En la obra Calles, Sitios y Aleros de Altagracia de Orituco, el Dr. Pedro Natalio<\/p>\n","protected":false},"author":2,"featured_media":5639,"comment_status":"open","ping_status":"open","sticky":false,"template":"","format":"standard","meta":{"advanced_seo_description":"","jetpack_seo_html_title":"","jetpack_seo_noindex":false,"_jetpack_memberships_contains_paid_content":false,"footnotes":"","jetpack_publicize_message":"","jetpack_publicize_feature_enabled":true,"jetpack_social_post_already_shared":true,"jetpack_social_options":{"image_generator_settings":{"template":"highway","enabled":false},"version":2}},"categories":[302],"tags":[8,7,32],"class_list":["post-5638","post","type-post","status-publish","format-standard","has-post-thumbnail","hentry","category-el-poder-del-conocimiento","tag-altagraciadeorituco","tag-guarico","tag-webdealta",""],"jetpack_publicize_connections":[],"jetpack_featured_media_url":"https:\/\/webdealta.info\/wp-content\/uploads\/2022\/10\/el-barnuevo-webdealta.png","jetpack_sharing_enabled":true,"jetpack_likes_enabled":true,"jetpack-related-posts":[],"jetpack_shortlink":"https:\/\/wp.me\/pcseDn-1sW","_links":{"self":[{"href":"https:\/\/webdealta.info\/index.php?rest_route=\/wp\/v2\/posts\/5638","targetHints":{"allow":["GET"]}}],"collection":[{"href":"https:\/\/webdealta.info\/index.php?rest_route=\/wp\/v2\/posts"}],"about":[{"href":"https:\/\/webdealta.info\/index.php?rest_route=\/wp\/v2\/types\/post"}],"author":[{"embeddable":true,"href":"https:\/\/webdealta.info\/index.php?rest_route=\/wp\/v2\/users\/2"}],"replies":[{"embeddable":true,"href":"https:\/\/webdealta.info\/index.php?rest_route=%2Fwp%2Fv2%2Fcomments&post=5638"}],"version-history":[{"count":1,"href":"https:\/\/webdealta.info\/index.php?rest_route=\/wp\/v2\/posts\/5638\/revisions"}],"predecessor-version":[{"id":5640,"href":"https:\/\/webdealta.info\/index.php?rest_route=\/wp\/v2\/posts\/5638\/revisions\/5640"}],"wp:featuredmedia":[{"embeddable":true,"href":"https:\/\/webdealta.info\/index.php?rest_route=\/wp\/v2\/media\/5639"}],"wp:attachment":[{"href":"https:\/\/webdealta.info\/index.php?rest_route=%2Fwp%2Fv2%2Fmedia&parent=5638"}],"wp:term":[{"taxonomy":"category","embeddable":true,"href":"https:\/\/webdealta.info\/index.php?rest_route=%2Fwp%2Fv2%2Fcategories&post=5638"},{"taxonomy":"post_tag","embeddable":true,"href":"https:\/\/webdealta.info\/index.php?rest_route=%2Fwp%2Fv2%2Ftags&post=5638"}],"curies":[{"name":"wp","href":"https:\/\/api.w.org\/{rel}","templated":true}]}}