{"id":5634,"date":"2022-10-09T22:50:37","date_gmt":"2022-10-10T02:50:37","guid":{"rendered":"https:\/\/webdealta.info\/?p=5634"},"modified":"2022-10-09T22:50:38","modified_gmt":"2022-10-10T02:50:38","slug":"duelo-nacional-22-fallecidos-y-52-desaparecidos-en-las-tejerias","status":"publish","type":"post","link":"https:\/\/webdealta.info\/?p=5634","title":{"rendered":"Duelo Nacional: 22 fallecidos y 52 desaparecidos en Las Tejer\u00edas"},"content":{"rendered":"\n<p>Amanda Saldivia.-<\/p>\n\n\n\n<p>En fotograf\u00edas de la agencia AP se puede apreciar la magnitud de la tragedia registrada en la poblaci\u00f3n de Las Tejer\u00edas, estado Aragua, donde la crecida de varias quebradas arras\u00f3 con viviendas y comercios de la zona, con el lamentable reporte de 22 personas fallecidas y 52 desaparecidas.<\/p>\n\n\n\n<p>\u201cDebido a la grave situaci\u00f3n producto del deslave de gran magnitud causado por las lluvias, decret\u00e9 en las comunidades que conforman Las Tejer\u00edas, zonas de Desastre y Cat\u00e1strofe Natural, y 3 d\u00edas de duelo nacional, a partir de hoy #9oct, en solidaridad con las familias afectadas\u201d, public\u00f3 el presidente Nicol\u00e1s Maduro en la cuenta de la red social Twitter.<\/p>\n\n\n\n<p>Horas antes, la vicepresidenta Delcy Rodr\u00edguez, estuvo en el lugar y report\u00f3 que se han recuperado 22 cad\u00e1veres y est\u00e1n tras la b\u00fasqueda de 52 personas que est\u00e1n desaparecidas.<\/p>\n\n\n\n<p>Explic\u00f3 que, de acuerdo, a lo informado por los cuerpos de seguridad, \u201cse desbordaron cinco quebradas y estamos viendo afectaciones y p\u00e9rdidas humanas\u201d. Dijo que seguir\u00e1n desplegados para la atenci\u00f3n a las familias afectadas.<\/p>\n\n\n\n<p>@amandasaldivia  <\/p>\n\n\n\n<p><\/p>\n","protected":false},"excerpt":{"rendered":"<p>Amanda Saldivia.- En fotograf\u00edas de la agencia AP se puede apreciar la magnitud de la tragedia registrada en la poblaci\u00f3n de Las Tejer\u00edas, estado Aragua, donde la crecida de varias quebradas arras\u00f3 con viviendas y comercios de la zona, con el lamentable reporte de 22 personas fallecidas y 52 desaparecidas.<\/p>\n","protected":false},"author":2,"featured_media":5635,"comment_status":"open","ping_status":"open","sticky":false,"template":"","format":"standard","meta":{"advanced_seo_description":"","jetpack_seo_html_title":"","jetpack_seo_noindex":false,"_jetpack_memberships_contains_paid_content":false,"footnotes":"","jetpack_publicize_message":"","jetpack_publicize_feature_enabled":true,"jetpack_social_post_already_shared":true,"jetpack_social_options":{"image_generator_settings":{"template":"highway","enabled":false},"version":2}},"categories":[54],"tags":[8,7,32],"class_list":["post-5634","post","type-post","status-publish","format-standard","has-post-thumbnail","hentry","category-lluvias","tag-altagraciadeorituco","tag-guarico","tag-webdealta",""],"jetpack_publicize_connections":[],"jetpack_featured_media_url":"https:\/\/webdealta.info\/wp-content\/uploads\/2022\/10\/las-tejerias-webdealta-ap.png","jetpack_sharing_enabled":true,"jetpack_likes_enabled":true,"jetpack-related-posts":[],"jetpack_shortlink":"https:\/\/wp.me\/pcseDn-1sS","_links":{"self":[{"href":"https:\/\/webdealta.info\/index.php?rest_route=\/wp\/v2\/posts\/5634","targetHints":{"allow":["GET"]}}],"collection":[{"href":"https:\/\/webdealta.info\/index.php?rest_route=\/wp\/v2\/posts"}],"about":[{"href":"https:\/\/webdealta.info\/index.php?rest_route=\/wp\/v2\/types\/post"}],"author":[{"embeddable":true,"href":"https:\/\/webdealta.info\/index.php?rest_route=\/wp\/v2\/users\/2"}],"replies":[{"embeddable":true,"href":"https:\/\/webdealta.info\/index.php?rest_route=%2Fwp%2Fv2%2Fcomments&post=5634"}],"version-history":[{"count":1,"href":"https:\/\/webdealta.info\/index.php?rest_route=\/wp\/v2\/posts\/5634\/revisions"}],"predecessor-version":[{"id":5636,"href":"https:\/\/webdealta.info\/index.php?rest_route=\/wp\/v2\/posts\/5634\/revisions\/5636"}],"wp:featuredmedia":[{"embeddable":true,"href":"https:\/\/webdealta.info\/index.php?rest_route=\/wp\/v2\/media\/5635"}],"wp:attachment":[{"href":"https:\/\/webdealta.info\/index.php?rest_route=%2Fwp%2Fv2%2Fmedia&parent=5634"}],"wp:term":[{"taxonomy":"category","embeddable":true,"href":"https:\/\/webdealta.info\/index.php?rest_route=%2Fwp%2Fv2%2Fcategories&post=5634"},{"taxonomy":"post_tag","embeddable":true,"href":"https:\/\/webdealta.info\/index.php?rest_route=%2Fwp%2Fv2%2Ftags&post=5634"}],"curies":[{"name":"wp","href":"https:\/\/api.w.org\/{rel}","templated":true}]}}