{"id":5589,"date":"2022-10-05T22:32:21","date_gmt":"2022-10-06T02:32:21","guid":{"rendered":"https:\/\/webdealta.info\/?p=5589"},"modified":"2022-10-05T22:32:22","modified_gmt":"2022-10-06T02:32:22","slug":"estudiantes-caminan-largas-distancias-ante-fallas-del-transporte","status":"publish","type":"post","link":"https:\/\/webdealta.info\/?p=5589","title":{"rendered":"Estudiantes caminan largas distancias ante fallas del transporte"},"content":{"rendered":"\n<p>Amanda Saldivia.-<\/p>\n\n\n\n<p>Nada f\u00e1cil el regreso a clases presenciales en Altagracia de Orituco, porque no hay transporte colectivo en el caso central de la poblaci\u00f3n, lo que dificulta la movilidad de los estudiantes hacia los planteles y el retorno a sus hogares.<\/p>\n\n\n\n<p>La preocupaci\u00f3n la expres\u00f3 una representante, quien explic\u00f3 que \u201ca los estudiantes se les complica llegar a la 1:30 de la tarde, hora de entrada, ya que deben caminar desde el hospital hasta el liceo y de regreso a las 5:30 pm hasta el Chala donde est\u00e1 la parada\u201d.<\/p>\n\n\n\n<p>La denuncia es en alusi\u00f3n a que el transporte colectivo no cubre la ruta por el casco central de la localidad, como lo hacia antes de la pandemia, raz\u00f3n por la cual los estudiantes tienen que caminar distancias considerables para asistir a clases, con el riesgo que conlleva circular por calles solitarias.<\/p>\n\n\n\n<p>La intenci\u00f3n de la denuncia, esa para que las l\u00edneas de transporte colectivo retomen la ruta por las calles del casco central de Altagracia, entre ellas la Jos\u00e9 Mart\u00ed, Sucre y Bol\u00edvar, a los fines de garantizar la movilidad de los estudiantes.<\/p>\n\n\n\n<p>@amandasaldivia   <\/p>\n\n\n\n<p><\/p>\n","protected":false},"excerpt":{"rendered":"<p>Amanda Saldivia.- Nada f\u00e1cil el regreso a clases presenciales en Altagracia de Orituco, porque no hay transporte colectivo en el caso central de la poblaci\u00f3n, lo que dificulta la movilidad de los estudiantes hacia los planteles y el retorno a sus hogares. La preocupaci\u00f3n la expres\u00f3 una representante, quien explic\u00f3<\/p>\n","protected":false},"author":2,"featured_media":5590,"comment_status":"open","ping_status":"open","sticky":false,"template":"","format":"standard","meta":{"advanced_seo_description":"","jetpack_seo_html_title":"","jetpack_seo_noindex":false,"_jetpack_memberships_contains_paid_content":false,"footnotes":"","jetpack_publicize_message":"","jetpack_publicize_feature_enabled":true,"jetpack_social_post_already_shared":true,"jetpack_social_options":{"image_generator_settings":{"template":"highway","enabled":false},"version":2}},"categories":[151],"tags":[8,7,32],"class_list":["post-5589","post","type-post","status-publish","format-standard","has-post-thumbnail","hentry","category-educacion","tag-altagraciadeorituco","tag-guarico","tag-webdealta",""],"jetpack_publicize_connections":[],"jetpack_featured_media_url":"https:\/\/webdealta.info\/wp-content\/uploads\/2022\/10\/estudiantes-webdealta.png","jetpack_sharing_enabled":true,"jetpack_likes_enabled":true,"jetpack-related-posts":[],"jetpack_shortlink":"https:\/\/wp.me\/pcseDn-1s9","_links":{"self":[{"href":"https:\/\/webdealta.info\/index.php?rest_route=\/wp\/v2\/posts\/5589","targetHints":{"allow":["GET"]}}],"collection":[{"href":"https:\/\/webdealta.info\/index.php?rest_route=\/wp\/v2\/posts"}],"about":[{"href":"https:\/\/webdealta.info\/index.php?rest_route=\/wp\/v2\/types\/post"}],"author":[{"embeddable":true,"href":"https:\/\/webdealta.info\/index.php?rest_route=\/wp\/v2\/users\/2"}],"replies":[{"embeddable":true,"href":"https:\/\/webdealta.info\/index.php?rest_route=%2Fwp%2Fv2%2Fcomments&post=5589"}],"version-history":[{"count":1,"href":"https:\/\/webdealta.info\/index.php?rest_route=\/wp\/v2\/posts\/5589\/revisions"}],"predecessor-version":[{"id":5591,"href":"https:\/\/webdealta.info\/index.php?rest_route=\/wp\/v2\/posts\/5589\/revisions\/5591"}],"wp:featuredmedia":[{"embeddable":true,"href":"https:\/\/webdealta.info\/index.php?rest_route=\/wp\/v2\/media\/5590"}],"wp:attachment":[{"href":"https:\/\/webdealta.info\/index.php?rest_route=%2Fwp%2Fv2%2Fmedia&parent=5589"}],"wp:term":[{"taxonomy":"category","embeddable":true,"href":"https:\/\/webdealta.info\/index.php?rest_route=%2Fwp%2Fv2%2Fcategories&post=5589"},{"taxonomy":"post_tag","embeddable":true,"href":"https:\/\/webdealta.info\/index.php?rest_route=%2Fwp%2Fv2%2Ftags&post=5589"}],"curies":[{"name":"wp","href":"https:\/\/api.w.org\/{rel}","templated":true}]}}