{"id":5584,"date":"2022-10-04T22:54:33","date_gmt":"2022-10-05T02:54:33","guid":{"rendered":"https:\/\/webdealta.info\/?p=5584"},"modified":"2022-10-04T22:54:38","modified_gmt":"2022-10-05T02:54:38","slug":"gobernador-vasquez-anuncio-recuperacion-de-fundacion-del-nino-y-el-terminal","status":"publish","type":"post","link":"https:\/\/webdealta.info\/?p=5584","title":{"rendered":"Gobernador V\u00e1squez anunci\u00f3 recuperaci\u00f3n de Fundaci\u00f3n del Ni\u00f1o y el terminal"},"content":{"rendered":"\n<p>Amanda Saldivia.-<\/p>\n\n\n\n<p>El gobernador Jos\u00e9 V\u00e1squez, durante la transmisi\u00f3n del programa En Directo n\u00famero 175, realizado este martes cuatro de octubre desde las instalaciones del liceo Ram\u00f3n Buenahora de Altagracia de Orituco, reiter\u00f3 compromisos y asumi\u00f3 nuevos.<\/p>\n\n\n\n<p>Entre los anuncios est\u00e1 la recuperaci\u00f3n de la sede de la Fundaci\u00f3n del Ni\u00f1o, instituci\u00f3n con m\u00e1s de 40 a\u00f1os de funcionamiento y la cual tiene serios problemas de filtraci\u00f3n en el techo, al extremo de que en per\u00edodo de lluvias es imposible la permanencia de los estudiantes y del personal, porque se anegan los salones y otras \u00e1reas comunes.<\/p>\n\n\n\n<p>En referencia al liceo Ram\u00f3n Buenahora, una de las 45 instituciones de Gu\u00e1rico que actualmente est\u00e1n en rehabilitaci\u00f3n por parte de las Brigada Bricomiles, el gobernador V\u00e1squez dijo que gestionar\u00e1 recursos adicionales que permitan recuperar otras \u00e1reas que no est\u00e1n incluidas en el presupuesto actual.<\/p>\n\n\n\n<p>Igualmente, mencion\u00f3 que la visi\u00f3n prospectiva del municipio Monagas lo lleva a ejecutar planes vinculados embellecimiento y transformaci\u00f3n de las v\u00edas de la localidad. De all\u00ed, que el Plan Ciudad incluye la rehabilitaci\u00f3n de la avenida Soto Rojas, desde el puente de la entrada que conduce a San Rafael hasta la redoma del busto Madre Candelaria en la parroquia Altagracia.<\/p>\n\n\n\n<p>En una nota de prensa del Sibci, detallan otros proyectos que se ejecutar\u00e1n en el municipio:<\/p>\n\n\n\n<ul class=\"wp-block-list\"><li>Rehabilitaci\u00f3n del terminal de pasajeros de la parroquia Altagracia de Orituco, para conectar el municipio con las diferentes parroquias y la capital del estado.<\/li><li>En materia de educaci\u00f3n fueron aprobados los recursos para la rehabilitaci\u00f3n integral del C.E.I Pedro Zaraza perteneciente a la fundaci\u00f3n Regional El Ni\u00f1o Sim\u00f3n.<\/li><li>Servicios p\u00fablicos: restituci\u00f3n de tuber\u00edas en la avenida Hurtado Ascanio y la sustituci\u00f3n de tuber\u00edas en Sabana Grande, Jabillal y Paso Real de Macaira, adem\u00e1s de optimizar al 100% la distribuci\u00f3n de agua potable por tuber\u00edas en todo el municipio.<\/li><li>Primera fase del proyecto de construcci\u00f3n de la Plaza San Miguel Arc\u00e1ngel, declarado Patrono del municipio Jos\u00e9 Tadeo Monagas.<\/li><li>Ejecuci\u00f3n del Plan Navidades del Orituco 2022.<\/li><li>Entrega de una patrulla policial.<\/li><\/ul>\n\n\n\n<p>@amandasaldivia  <\/p>\n\n\n\n<p><\/p>\n","protected":false},"excerpt":{"rendered":"<p>Amanda Saldivia.- El gobernador Jos\u00e9 V\u00e1squez, durante la transmisi\u00f3n del programa En Directo n\u00famero 175, realizado este martes cuatro de octubre desde las instalaciones del liceo Ram\u00f3n Buenahora de Altagracia de Orituco, reiter\u00f3 compromisos y asumi\u00f3 nuevos. Entre los anuncios est\u00e1 la recuperaci\u00f3n de la sede de la Fundaci\u00f3n del<\/p>\n","protected":false},"author":2,"featured_media":5585,"comment_status":"open","ping_status":"open","sticky":false,"template":"","format":"standard","meta":{"advanced_seo_description":"","jetpack_seo_html_title":"","jetpack_seo_noindex":false,"_jetpack_memberships_contains_paid_content":false,"footnotes":"","jetpack_publicize_message":"","jetpack_publicize_feature_enabled":true,"jetpack_social_post_already_shared":true,"jetpack_social_options":{"image_generator_settings":{"template":"highway","enabled":false},"version":2}},"categories":[284],"tags":[8,7,32],"class_list":["post-5584","post","type-post","status-publish","format-standard","has-post-thumbnail","hentry","category-gobierno-de-guarico","tag-altagraciadeorituco","tag-guarico","tag-webdealta",""],"jetpack_publicize_connections":[],"jetpack_featured_media_url":"https:\/\/webdealta.info\/wp-content\/uploads\/2022\/10\/webdealta-gobernador-altagracia.png","jetpack_sharing_enabled":true,"jetpack_likes_enabled":true,"jetpack-related-posts":[],"jetpack_shortlink":"https:\/\/wp.me\/pcseDn-1s4","_links":{"self":[{"href":"https:\/\/webdealta.info\/index.php?rest_route=\/wp\/v2\/posts\/5584","targetHints":{"allow":["GET"]}}],"collection":[{"href":"https:\/\/webdealta.info\/index.php?rest_route=\/wp\/v2\/posts"}],"about":[{"href":"https:\/\/webdealta.info\/index.php?rest_route=\/wp\/v2\/types\/post"}],"author":[{"embeddable":true,"href":"https:\/\/webdealta.info\/index.php?rest_route=\/wp\/v2\/users\/2"}],"replies":[{"embeddable":true,"href":"https:\/\/webdealta.info\/index.php?rest_route=%2Fwp%2Fv2%2Fcomments&post=5584"}],"version-history":[{"count":1,"href":"https:\/\/webdealta.info\/index.php?rest_route=\/wp\/v2\/posts\/5584\/revisions"}],"predecessor-version":[{"id":5586,"href":"https:\/\/webdealta.info\/index.php?rest_route=\/wp\/v2\/posts\/5584\/revisions\/5586"}],"wp:featuredmedia":[{"embeddable":true,"href":"https:\/\/webdealta.info\/index.php?rest_route=\/wp\/v2\/media\/5585"}],"wp:attachment":[{"href":"https:\/\/webdealta.info\/index.php?rest_route=%2Fwp%2Fv2%2Fmedia&parent=5584"}],"wp:term":[{"taxonomy":"category","embeddable":true,"href":"https:\/\/webdealta.info\/index.php?rest_route=%2Fwp%2Fv2%2Fcategories&post=5584"},{"taxonomy":"post_tag","embeddable":true,"href":"https:\/\/webdealta.info\/index.php?rest_route=%2Fwp%2Fv2%2Ftags&post=5584"}],"curies":[{"name":"wp","href":"https:\/\/api.w.org\/{rel}","templated":true}]}}