{"id":5554,"date":"2022-09-29T19:35:11","date_gmt":"2022-09-29T23:35:11","guid":{"rendered":"https:\/\/webdealta.info\/?p=5554"},"modified":"2022-09-29T19:40:27","modified_gmt":"2022-09-29T23:40:27","slug":"cantos-y-oraciones-a-san-miguel-arcangel","status":"publish","type":"post","link":"https:\/\/webdealta.info\/?p=5554","title":{"rendered":"Cantos y oraciones a San Miguel Arc\u00e1ngel"},"content":{"rendered":"\n<p>Amanda Saldivia.-<br><br>El fervor de lo que simboliza San Miguel Arc\u00e1ngel, el Pr\u00edncipe de las Milicias Celestiales que venci\u00f3 al mal, se evidenci\u00f3 en Altagracia de Orituco desde las primeras horas de la ma\u00f1ana de este 29 de septiembre, cuando los devotos se unieron al paseo c\u00edvico que parti\u00f3 a las 5:10 am de la capilla del Carmen y que culmin\u00f3 con la entronizaci\u00f3n de la imagen en la iglesia Nuestra Se\u00f1ora de Altagracia, tras m\u00e1s de una hora de recorrido.<\/p>\n\n\n\n<p>La Banda Municipal Padre Sojo encabez\u00f3 el paseo c\u00edvico, en el cual estuvo presente del padre Cruz Mujica, p\u00e1rroco de Nuestra Se\u00f1ora de Altagracia y el sacerdote Luis M\u00e1rquez, gu\u00eda espiritual de San Jos\u00e9 Obrero; as\u00ed como tambi\u00e9n asistieron representantes de la alcald\u00eda del municipio Monagas, directivos de la C\u00e1mara de Comercio, el equipo que organiz\u00f3 los actos religiosos e igualmente devotos que se unieron a los cantos y expresiones de fe.<\/p>\n\n\n\n<p><strong>Serenata y Reina de las Ferias 2022<\/strong><\/p>\n\n\n\n<figure class=\"wp-block-image size-large\"><img loading=\"lazy\" decoding=\"async\" width=\"1024\" height=\"546\" src=\"https:\/\/webdealta.info\/wp-content\/uploads\/2022\/09\/foto-2-san-miguel-webdealta-2-1024x546.png\" alt=\"\" class=\"wp-image-5555\" srcset=\"https:\/\/webdealta.info\/wp-content\/uploads\/2022\/09\/foto-2-san-miguel-webdealta-2.png 1024w, https:\/\/webdealta.info\/wp-content\/uploads\/2022\/09\/foto-2-san-miguel-webdealta-2.png 300w, https:\/\/webdealta.info\/wp-content\/uploads\/2022\/09\/foto-2-san-miguel-webdealta-2.png 768w, https:\/\/webdealta.info\/wp-content\/uploads\/2022\/09\/foto-2-san-miguel-webdealta-2.png 1170w, https:\/\/webdealta.info\/wp-content\/uploads\/2022\/09\/foto-2-san-miguel-webdealta-2.png 1500w, https:\/\/webdealta.info\/wp-content\/uploads\/2022\/09\/foto-2-san-miguel-webdealta-2.png 1280w\" sizes=\"auto, (max-width: 640px) 100vw, 640px\" \/><figcaption>fotograf\u00edas cortes\u00eda de Tirso Cario<\/figcaption><\/figure>\n\n\n\n<p>A la llegada de la imagen al templo parroquial, hubo la tradicional serenata dedicada a San Miguel Arc\u00e1ngel y a esa hora se conoci\u00f3 que Franlis Bravo, una joven de 19 a\u00f1os de edad, fue electa como Reina de la Ferias 2022, acompa\u00f1ada en el cuadro de honor por Brandis Utrera, quien obtuvo la banda de Miss Prensa y Reina del Coleo; mientras que Blanca Gonz\u00e1lez como Reina de la Cultura, actividad que se realiz\u00f3 en la sede de la Casa Canarias.<\/p>\n\n\n\n<figure class=\"wp-block-image size-large\"><img loading=\"lazy\" decoding=\"async\" width=\"1024\" height=\"546\" src=\"https:\/\/webdealta.info\/wp-content\/uploads\/2022\/09\/foto-3-san-miguel-webdealta-3-1-1024x546.png\" alt=\"\" class=\"wp-image-5557\" srcset=\"https:\/\/webdealta.info\/wp-content\/uploads\/2022\/09\/foto-3-san-miguel-webdealta-3-1.png 1024w, https:\/\/webdealta.info\/wp-content\/uploads\/2022\/09\/foto-3-san-miguel-webdealta-3-1.png 300w, https:\/\/webdealta.info\/wp-content\/uploads\/2022\/09\/foto-3-san-miguel-webdealta-3-1.png 768w, https:\/\/webdealta.info\/wp-content\/uploads\/2022\/09\/foto-3-san-miguel-webdealta-3-1.png 1170w, https:\/\/webdealta.info\/wp-content\/uploads\/2022\/09\/foto-3-san-miguel-webdealta-3-1.png 1500w, https:\/\/webdealta.info\/wp-content\/uploads\/2022\/09\/foto-3-san-miguel-webdealta-3-1.png 1280w\" sizes=\"auto, (max-width: 640px) 100vw, 640px\" \/><figcaption>Paseo c\u00edvico<\/figcaption><\/figure>\n\n\n\n<p>A las 10:00 am se celebr\u00f3 la eucarist\u00eda presidida por el padre Cruz Mujica, quien en la homil\u00eda se refiri\u00f3 a San Miguel, lo que simbolizaba y cit\u00f3 al Padre Nuestro, en el cual se menciona la tentaci\u00f3n, de lo cual pedimos a Dios que nos libre para no caer en el pecado.<\/p>\n\n\n\n<p>Tanto el paseo c\u00edvico, como la Santa Misa en honor a San Miguel Arc\u00e1ngel fueron transmitidos en vivo por el Instagram de este medio digital. A continuaci\u00f3n, los enlaces:<\/p>\n\n\n\n<ul class=\"wp-block-list\"><li><strong>Paseo c\u00edvico<\/strong>:  https:\/\/www.instagram.com\/p\/CjFlondphWF\/<\/li><\/ul>\n\n\n\n<ul class=\"wp-block-list\"><li><strong>Eucarist\u00eda 10:00 am<\/strong>: <a href=\"https:\/\/www.instagram.com\/p\/CjGMUHKJBUs\/\">https:\/\/www.instagram.com\/p\/CjGMUHKJBUs\/<\/a>  <\/li><\/ul>\n\n\n\n<p>@amandasaldivia   <\/p>\n\n\n\n<p><\/p>\n","protected":false},"excerpt":{"rendered":"<p>Amanda Saldivia.- El fervor de lo que simboliza San Miguel Arc\u00e1ngel, el Pr\u00edncipe de las Milicias Celestiales que venci\u00f3 al mal, se evidenci\u00f3 en Altagracia de Orituco desde las primeras horas de la ma\u00f1ana de este 29 de septiembre, cuando los devotos se unieron al paseo c\u00edvico que parti\u00f3 a<\/p>\n","protected":false},"author":2,"featured_media":5558,"comment_status":"open","ping_status":"open","sticky":false,"template":"","format":"standard","meta":{"advanced_seo_description":"","jetpack_seo_html_title":"","jetpack_seo_noindex":false,"_jetpack_memberships_contains_paid_content":false,"footnotes":"","jetpack_publicize_message":"","jetpack_publicize_feature_enabled":true,"jetpack_social_post_already_shared":true,"jetpack_social_options":{"image_generator_settings":{"template":"highway","enabled":false},"version":2}},"categories":[326],"tags":[8,7,32],"class_list":["post-5554","post","type-post","status-publish","format-standard","has-post-thumbnail","hentry","category-ferias-del-orituco-2022","tag-altagraciadeorituco","tag-guarico","tag-webdealta",""],"jetpack_publicize_connections":[],"jetpack_featured_media_url":"https:\/\/webdealta.info\/wp-content\/uploads\/2022\/09\/foto-1-webdealta-san-miguel-1.png","jetpack_sharing_enabled":true,"jetpack_likes_enabled":true,"jetpack-related-posts":[],"jetpack_shortlink":"https:\/\/wp.me\/pcseDn-1rA","_links":{"self":[{"href":"https:\/\/webdealta.info\/index.php?rest_route=\/wp\/v2\/posts\/5554","targetHints":{"allow":["GET"]}}],"collection":[{"href":"https:\/\/webdealta.info\/index.php?rest_route=\/wp\/v2\/posts"}],"about":[{"href":"https:\/\/webdealta.info\/index.php?rest_route=\/wp\/v2\/types\/post"}],"author":[{"embeddable":true,"href":"https:\/\/webdealta.info\/index.php?rest_route=\/wp\/v2\/users\/2"}],"replies":[{"embeddable":true,"href":"https:\/\/webdealta.info\/index.php?rest_route=%2Fwp%2Fv2%2Fcomments&post=5554"}],"version-history":[{"count":2,"href":"https:\/\/webdealta.info\/index.php?rest_route=\/wp\/v2\/posts\/5554\/revisions"}],"predecessor-version":[{"id":5561,"href":"https:\/\/webdealta.info\/index.php?rest_route=\/wp\/v2\/posts\/5554\/revisions\/5561"}],"wp:featuredmedia":[{"embeddable":true,"href":"https:\/\/webdealta.info\/index.php?rest_route=\/wp\/v2\/media\/5558"}],"wp:attachment":[{"href":"https:\/\/webdealta.info\/index.php?rest_route=%2Fwp%2Fv2%2Fmedia&parent=5554"}],"wp:term":[{"taxonomy":"category","embeddable":true,"href":"https:\/\/webdealta.info\/index.php?rest_route=%2Fwp%2Fv2%2Fcategories&post=5554"},{"taxonomy":"post_tag","embeddable":true,"href":"https:\/\/webdealta.info\/index.php?rest_route=%2Fwp%2Fv2%2Ftags&post=5554"}],"curies":[{"name":"wp","href":"https:\/\/api.w.org\/{rel}","templated":true}]}}