{"id":5549,"date":"2022-09-28T21:20:23","date_gmt":"2022-09-29T01:20:23","guid":{"rendered":"https:\/\/webdealta.info\/?p=5549"},"modified":"2022-09-28T21:21:15","modified_gmt":"2022-09-29T01:21:15","slug":"jubilo-en-el-orituco-por-ser-dia-de-san-miguel-arcangel","status":"publish","type":"post","link":"https:\/\/webdealta.info\/?p=5549","title":{"rendered":"J\u00fabilo en el Orituco por D\u00eda de San Miguel Arc\u00e1ngel"},"content":{"rendered":"\n<p>Amanda Saldivia.-<\/p>\n\n\n\n<p>Con el paseo c\u00edvico, a las 5:00 am de este 29 de septiembre, comienza la celebraci\u00f3n religiosa m\u00e1s importante del municipio Monagas, Gu\u00e1rico, la cual convoca a los devotos de San Miguel, arc\u00e1ngel protector, el Capit\u00e1n de los Milicias Celestiales que venci\u00f3 al mal.<\/p>\n\n\n\n<p>Este mi\u00e9rcoles 28 de septiembre, culmin\u00f3 la Novena con la eucarist\u00eda oficiada por al padre Cruz Mujica en la capilla del Carmen, donde fue llevada la imagen, luego de realizar la peregrinaci\u00f3n en las parroquias que comprenden el arciprestazgo Madre Candelaria de San Jos\u00e9.<\/p>\n\n\n\n<p>Fue un momento de oraci\u00f3n, de peticiones, pero tambi\u00e9n de alegr\u00eda con la participaci\u00f3n de grupos de danzas y m\u00fasica, entre ellos Jos\u00e9 Reyes y familia, quienes dedicaron canciones a San Miguel Arc\u00e1ngel.<\/p>\n\n\n\n<p>Durante el desarrollo de la eucarist\u00eda, el padre Cruz Mujica reiter\u00f3 la invitaci\u00f3n para celebrar el D\u00eda de San Miguel Arc\u00e1ngel con la sinodalidad pide el papa Francisco, que significa caminar juntos para lograr las metas que se propone la iglesia, a trav\u00e9s de la evangelizaci\u00f3n.<\/p>\n\n\n\n<p>En cuanto a la programaci\u00f3n, se\u00f1al\u00f3 que despu\u00e9s del paseo c\u00edvico habr\u00e1 una serenata a San Miguel a las 6:30 am, luego ser\u00e1 la primera eucarist\u00eda a las 10:00 am, la segunda a las 5:00 pm y si el tiempo lo permite, la procesi\u00f3n.<\/p>\n\n\n\n<p>Es importante mencionar, que hay registros de que la primera fiesta patronal en honor a San Miguel Arc\u00e1ngel se celebr\u00f3 en Altagracia de Orituco en el a\u00f1o 1927 y en esa oportunidad fue estrenado el himno, letra del poeta Jos\u00e9 Antonio Hurtado Ascanio y m\u00fasica del maestro Jos\u00e9 Calixto Mor\u00edn. A continuaci\u00f3n, el himno a San Miguel:<\/p>\n\n\n\n<p>Coro:<\/p>\n\n\n\n<p>Gloria eterna a la virgen Mar\u00eda<\/p>\n\n\n\n<p>y al Arc\u00e1ngel feliz San Miguel,<\/p>\n\n\n\n<p>que vencieron con noble porf\u00eda<\/p>\n\n\n\n<p>la acechanza del fiero Luzbel.<\/p>\n\n\n\n<p>Solo:<\/p>\n\n\n\n<p>Al conjuro ideal de la gracia<\/p>\n\n\n\n<p>que difunde su luz celestial,<\/p>\n\n\n\n<p>jubilosa celebra Altagracia<\/p>\n\n\n\n<p>su primer festival patronal.<\/p>\n\n\n\n<p>San Miguel el celoso guerrero<\/p>\n\n\n\n<p>enfrentado al horrible drag\u00f3n,<\/p>\n\n\n\n<p>ha empe\u00f1ado el combate m\u00e1s fiero<\/p>\n\n\n\n<p>y defiende nuestro coraz\u00f3n.<\/p>\n\n\n\n<p>Y la virgen de Lourdes bendita<\/p>\n\n\n\n<p>que a la margen del Gave surgi\u00f3,<\/p>\n\n\n\n<p>nos envuelve en su gracia infinita<\/p>\n\n\n\n<p>y nos libra del fiero dolor.<\/p>\n\n\n\n<p>Es por eso que nuestra esperanza<\/p>\n\n\n\n<p>tiene un halo de n\u00edtida luz,<\/p>\n\n\n\n<p>\u00bfqui\u00e9n teniendo tan prodiga alianza<\/p>\n\n\n\n<p>no se eleva hasta el c\u00e1ndido azul?<\/p>\n\n\n\n<p>@amandasaldivia  <\/p>\n\n\n\n<p><\/p>\n","protected":false},"excerpt":{"rendered":"<p>Amanda Saldivia.- Con el paseo c\u00edvico, a las 5:00 am de este 29 de septiembre, comienza la celebraci\u00f3n religiosa m\u00e1s importante del municipio Monagas, Gu\u00e1rico, la cual convoca a los devotos de San Miguel, arc\u00e1ngel protector, el Capit\u00e1n de los Milicias Celestiales que venci\u00f3 al mal. Este mi\u00e9rcoles 28 de<\/p>\n","protected":false},"author":2,"featured_media":5550,"comment_status":"open","ping_status":"open","sticky":false,"template":"","format":"standard","meta":{"advanced_seo_description":"","jetpack_seo_html_title":"","jetpack_seo_noindex":false,"_jetpack_memberships_contains_paid_content":false,"footnotes":"","jetpack_publicize_message":"","jetpack_publicize_feature_enabled":true,"jetpack_social_post_already_shared":true,"jetpack_social_options":{"image_generator_settings":{"template":"highway","enabled":false},"version":2}},"categories":[326],"tags":[8,7,32],"class_list":["post-5549","post","type-post","status-publish","format-standard","has-post-thumbnail","hentry","category-ferias-del-orituco-2022","tag-altagraciadeorituco","tag-guarico","tag-webdealta",""],"jetpack_publicize_connections":[],"jetpack_featured_media_url":"https:\/\/webdealta.info\/wp-content\/uploads\/2022\/09\/san-miguel-webdealta-vispera.png","jetpack_sharing_enabled":true,"jetpack_likes_enabled":true,"jetpack-related-posts":[],"jetpack_shortlink":"https:\/\/wp.me\/pcseDn-1rv","_links":{"self":[{"href":"https:\/\/webdealta.info\/index.php?rest_route=\/wp\/v2\/posts\/5549","targetHints":{"allow":["GET"]}}],"collection":[{"href":"https:\/\/webdealta.info\/index.php?rest_route=\/wp\/v2\/posts"}],"about":[{"href":"https:\/\/webdealta.info\/index.php?rest_route=\/wp\/v2\/types\/post"}],"author":[{"embeddable":true,"href":"https:\/\/webdealta.info\/index.php?rest_route=\/wp\/v2\/users\/2"}],"replies":[{"embeddable":true,"href":"https:\/\/webdealta.info\/index.php?rest_route=%2Fwp%2Fv2%2Fcomments&post=5549"}],"version-history":[{"count":2,"href":"https:\/\/webdealta.info\/index.php?rest_route=\/wp\/v2\/posts\/5549\/revisions"}],"predecessor-version":[{"id":5552,"href":"https:\/\/webdealta.info\/index.php?rest_route=\/wp\/v2\/posts\/5549\/revisions\/5552"}],"wp:featuredmedia":[{"embeddable":true,"href":"https:\/\/webdealta.info\/index.php?rest_route=\/wp\/v2\/media\/5550"}],"wp:attachment":[{"href":"https:\/\/webdealta.info\/index.php?rest_route=%2Fwp%2Fv2%2Fmedia&parent=5549"}],"wp:term":[{"taxonomy":"category","embeddable":true,"href":"https:\/\/webdealta.info\/index.php?rest_route=%2Fwp%2Fv2%2Fcategories&post=5549"},{"taxonomy":"post_tag","embeddable":true,"href":"https:\/\/webdealta.info\/index.php?rest_route=%2Fwp%2Fv2%2Ftags&post=5549"}],"curies":[{"name":"wp","href":"https:\/\/api.w.org\/{rel}","templated":true}]}}