{"id":5542,"date":"2022-09-26T10:54:09","date_gmt":"2022-09-26T14:54:09","guid":{"rendered":"https:\/\/webdealta.info\/?p=5542"},"modified":"2022-09-26T10:54:10","modified_gmt":"2022-09-26T14:54:10","slug":"declaran-dos-dias-no-laborables-por-festividad-en-honor-a-san-miguel-arcangel","status":"publish","type":"post","link":"https:\/\/webdealta.info\/?p=5542","title":{"rendered":"Declaran dos d\u00edas No Laborables por festividad en honor a San Miguel Arc\u00e1ngel"},"content":{"rendered":"\n<p>Amanda Saldivia.-<\/p>\n\n\n\n<p>En Gaceta Municipal fue publicado el decreto n\u00famero 011-2022, emanado del despacho del alcalde Pedro Sol\u00f3rzano, en el cual declaran No Laborables el 29 de septiembre D\u00eda de San Miguel Arc\u00e1ngel y 7 de octubre, mientras que el s\u00e1bado 8 y el domingo 9 \u201cde celebraci\u00f3n de las festividades en toda la jurisdicci\u00f3n del municipio Monagas\u201d.<\/p>\n\n\n\n<p>El decreto fue publicado en la Gaceta Municipal n\u00famero 109-2022 por parte del Concejo Municipal, de fecha 24 de septiembre de 2022, en el cual tambi\u00e9n se designa el comit\u00e9 organizador de las festividades integrado por Luis Salom\u00f3n Callejas, presidente; Juan Diego Sierra, vicepresidente y administrador Rosmer Gonz\u00e1lez.<\/p>\n\n\n\n<p>A continuaci\u00f3n, el resto de la directiva:<\/p>\n\n\n\n<p>Comit\u00e9 de coleo y ganader\u00eda:<\/p>\n\n\n\n<ul class=\"wp-block-list\"><li>Elis Aragort, Luis Lapenta y Dulce Meza<\/li><\/ul>\n\n\n\n<p>Comit\u00e9 Religioso:<\/p>\n\n\n\n<ul class=\"wp-block-list\"><li>Auxilia Garc\u00eda<\/li><\/ul>\n\n\n\n<p>Comit\u00e9 de deporte:<\/p>\n\n\n\n<ul class=\"wp-block-list\"><li>Wilfran De Paz y Juan Bandres<\/li><\/ul>\n\n\n\n<p>Comit\u00e9 de cultura:<\/p>\n\n\n\n<ul class=\"wp-block-list\"><li>Jos\u00e9 Gregorio Utrera y Yoruma Mendoza<\/li><\/ul>\n\n\n\n<p>Comit\u00e9 de Reinas:<\/p>\n\n\n\n<ul class=\"wp-block-list\"><li>Norimar Suarez y Radames Gonz\u00e1lez<\/li><\/ul>\n\n\n\n<p>Comit\u00e9 de seguridad:<\/p>\n\n\n\n<ul class=\"wp-block-list\"><li>Miguel Garc\u00eda y Luis del Corral<\/li><\/ul>\n\n\n\n<p>Comit\u00e9 de eventos:<\/p>\n\n\n\n<ul class=\"wp-block-list\"><li>\u00c1ngel Infante y \u00c1ngel Seco<\/li><\/ul>\n\n\n\n<p>Comit\u00e9 de comunicaci\u00f3n:<\/p>\n\n\n\n<ul class=\"wp-block-list\"><li>Julio C\u00e9sar Pulido y Francisco Israel Alvarado<\/li><\/ul>\n\n\n\n<p>Comit\u00e9 de Emprendedores:<\/p>\n\n\n\n<ul class=\"wp-block-list\"><li>Ana Sifontes y Dilcia Rever\u00f3n<\/li><\/ul>\n\n\n\n<p>@amandasaldivia<\/p>\n\n\n\n<p><\/p>\n","protected":false},"excerpt":{"rendered":"<p>Amanda Saldivia.- En Gaceta Municipal fue publicado el decreto n\u00famero 011-2022, emanado del despacho del alcalde Pedro Sol\u00f3rzano, en el cual declaran No Laborables el 29 de septiembre D\u00eda de San Miguel Arc\u00e1ngel y 7 de octubre, mientras que el s\u00e1bado 8 y el domingo 9 \u201cde celebraci\u00f3n de las<\/p>\n","protected":false},"author":2,"featured_media":5543,"comment_status":"open","ping_status":"open","sticky":false,"template":"","format":"standard","meta":{"advanced_seo_description":"","jetpack_seo_html_title":"","jetpack_seo_noindex":false,"_jetpack_memberships_contains_paid_content":false,"footnotes":"","jetpack_publicize_message":"","jetpack_publicize_feature_enabled":true,"jetpack_social_post_already_shared":true,"jetpack_social_options":{"image_generator_settings":{"template":"highway","enabled":false},"version":2}},"categories":[326],"tags":[8,7,32],"class_list":["post-5542","post","type-post","status-publish","format-standard","has-post-thumbnail","hentry","category-ferias-del-orituco-2022","tag-altagraciadeorituco","tag-guarico","tag-webdealta",""],"jetpack_publicize_connections":[],"jetpack_featured_media_url":"https:\/\/webdealta.info\/wp-content\/uploads\/2022\/09\/decreto-webdealta.png","jetpack_sharing_enabled":true,"jetpack_likes_enabled":true,"jetpack-related-posts":[],"jetpack_shortlink":"https:\/\/wp.me\/pcseDn-1ro","_links":{"self":[{"href":"https:\/\/webdealta.info\/index.php?rest_route=\/wp\/v2\/posts\/5542","targetHints":{"allow":["GET"]}}],"collection":[{"href":"https:\/\/webdealta.info\/index.php?rest_route=\/wp\/v2\/posts"}],"about":[{"href":"https:\/\/webdealta.info\/index.php?rest_route=\/wp\/v2\/types\/post"}],"author":[{"embeddable":true,"href":"https:\/\/webdealta.info\/index.php?rest_route=\/wp\/v2\/users\/2"}],"replies":[{"embeddable":true,"href":"https:\/\/webdealta.info\/index.php?rest_route=%2Fwp%2Fv2%2Fcomments&post=5542"}],"version-history":[{"count":1,"href":"https:\/\/webdealta.info\/index.php?rest_route=\/wp\/v2\/posts\/5542\/revisions"}],"predecessor-version":[{"id":5544,"href":"https:\/\/webdealta.info\/index.php?rest_route=\/wp\/v2\/posts\/5542\/revisions\/5544"}],"wp:featuredmedia":[{"embeddable":true,"href":"https:\/\/webdealta.info\/index.php?rest_route=\/wp\/v2\/media\/5543"}],"wp:attachment":[{"href":"https:\/\/webdealta.info\/index.php?rest_route=%2Fwp%2Fv2%2Fmedia&parent=5542"}],"wp:term":[{"taxonomy":"category","embeddable":true,"href":"https:\/\/webdealta.info\/index.php?rest_route=%2Fwp%2Fv2%2Fcategories&post=5542"},{"taxonomy":"post_tag","embeddable":true,"href":"https:\/\/webdealta.info\/index.php?rest_route=%2Fwp%2Fv2%2Ftags&post=5542"}],"curies":[{"name":"wp","href":"https:\/\/api.w.org\/{rel}","templated":true}]}}