{"id":5536,"date":"2022-09-25T09:52:53","date_gmt":"2022-09-25T13:52:53","guid":{"rendered":"https:\/\/webdealta.info\/?p=5536"},"modified":"2022-09-25T23:36:45","modified_gmt":"2022-09-26T03:36:45","slug":"el-poder-del-conocimiento-la-primera-planta-electrica-de-altagracia-1926","status":"publish","type":"post","link":"https:\/\/webdealta.info\/?p=5536","title":{"rendered":"El Poder del Conocimiento: la primera planta el\u00e9ctrica de Altagracia (1926)"},"content":{"rendered":"\n<p>Amanda Saldivia.-<\/p>\n\n\n\n<p>Esta semana el micro El Poder del Conocimiento, espacio de la empresa Promasorca, estuvo dedicado a una an\u00e9cdota interesante relacionada al tiempo que dur\u00f3 el traslado de la primera planta el\u00e9ctrica que lleg\u00f3 a Altagracia de Orituco, iniciativa de Arturo De Gregorio, un italiano que vivi\u00f3 desde temprana en este valle y quien era el propietario de la hacienda La Rubile\u00f1a, que estaba ubicada donde es hoy el embalse Guanapito.<\/p>\n\n\n\n<p>El relato est\u00e1 en el libro Un Siglo de Alta Gracia (1905-2005), de Marco Tulio Parra Castillo, gracitano quien en la introducci\u00f3n de la obra deja claro que no es historiador y que la inspiraci\u00f3n a escribir fue el amor a sus ra\u00edces, porque \u201ces com\u00fan en todos los pueblos ver el pasado como una \u00e9poca gloriosa\u201d.<\/p>\n\n\n\n<p>De all\u00ed, que \u201cintenta alegrar el esp\u00edritu al recordar hecho, pero tambi\u00e9n para hacernos reflexionar sobre acciones, tales como el valor del trabajo, la perseverancia, el respeto a uno mismo y a los dem\u00e1s\u201d.<\/p>\n\n\n\n<p>Entre los hechos recopilados est\u00e1 el traslado de la primera planta el\u00e9ctrica. Cuenta el autor, que en el a\u00f1o 1925 Don Arturo De Gregorio compr\u00f3 ese equipo en Estados Unidos y a comienzos de 1926 recorre varias poblaciones de Gu\u00e1rico y Miranda en busca de personal para transportar con bueyes que compr\u00f3 en C\u00faa, el pesado equipo que estaba atascado en el paso El Sam\u00e1n del r\u00edo Gu\u00e1rico.<\/p>\n\n\n\n<p>Una vez que logr\u00f3 contratar la cuadrilla, procedi\u00f3 al traslado de la gigantesca pieza de la planta con la fuerza de 32 yuntas haladas por bueyes, que eran guiados por Don Arturo De Gregorio.<\/p>\n\n\n\n<p>Precis\u00f3, que desde El Sombrero hasta La Rubile\u00f1a tardaron seis meses y es que el traslad\u00f3 se complic\u00f3, porque salieron en temporada seca y los agarr\u00f3 la \u00e9poca de lluvias. As\u00ed que llegar a esta poblaci\u00f3n y seguir rumbo a la hacienda, no fue sencillo, hubo que sortear complicados pasos, hasta que la planta finalmente fue instalada por Don Arturo De Gregorio, con la ayuda de los hijos y el apoyo del ingenioso \u00c1ngel Constant.<\/p>\n\n\n\n<p>Cuentan que se construy\u00f3 una acequia desde el r\u00edo Orituco que alimentaba el sistema de generaci\u00f3n y con eso se iluminaban los bombillos de 500 postes del alumbrado p\u00fablico, servicio que contrat\u00f3 el Concejo Municipal.<\/p>\n\n\n\n<p>Otro dato curioso, que tres a\u00f1os despu\u00e9s, el caudal disminuy\u00f3, al parecer debido a la tala en las cabeceras del r\u00edo Orituco, lo que afect\u00f3 la capacidad generadora de la planta.<\/p>\n\n\n\n<p>Despedimos este micro con la reflexi\u00f3n del autor Marcos Parra, dice as\u00ed \u201ces preciso conocer qui\u00e9nes somos, nuestro origen, nuestras peque\u00f1as historias, nuestras fortalezas y debilidades, para poder formular metas factibles de ser alcanzadas\u2026para trazar nuestro proyecto de vida, de lo contrario seremos como un bongo a la deriva, que llega hasta donde lo conduzcan las corrientes\u201d. <\/p>\n\n\n\n<p>@amandasaldivia   <\/p>\n\n\n\n<p>Foto cortes\u00eda: restos de la planta quedaron expuestos en el embalse Guanapito, tras una fuerte sequ\u00eda.<\/p>\n\n\n\n<p><\/p>\n\n\n\n<p><\/p>\n\n\n\n<p><\/p>\n","protected":false},"excerpt":{"rendered":"<p>Amanda Saldivia.- Esta semana el micro El Poder del Conocimiento, espacio de la empresa Promasorca, estuvo dedicado a una an\u00e9cdota interesante relacionada al tiempo que dur\u00f3 el traslado de la primera planta el\u00e9ctrica que lleg\u00f3 a Altagracia de Orituco, iniciativa de Arturo De Gregorio, un italiano que vivi\u00f3 desde temprana<\/p>\n","protected":false},"author":2,"featured_media":5537,"comment_status":"open","ping_status":"open","sticky":false,"template":"","format":"standard","meta":{"advanced_seo_description":"","jetpack_seo_html_title":"","jetpack_seo_noindex":false,"_jetpack_memberships_contains_paid_content":false,"footnotes":"","jetpack_publicize_message":"","jetpack_publicize_feature_enabled":true,"jetpack_social_post_already_shared":true,"jetpack_social_options":{"image_generator_settings":{"template":"highway","enabled":false},"version":2}},"categories":[302],"tags":[8,7,32],"class_list":["post-5536","post","type-post","status-publish","format-standard","has-post-thumbnail","hentry","category-el-poder-del-conocimiento","tag-altagraciadeorituco","tag-guarico","tag-webdealta",""],"jetpack_publicize_connections":[],"jetpack_featured_media_url":"https:\/\/webdealta.info\/wp-content\/uploads\/2022\/09\/fotos-webdealta-represa.png","jetpack_sharing_enabled":true,"jetpack_likes_enabled":true,"jetpack-related-posts":[],"jetpack_shortlink":"https:\/\/wp.me\/pcseDn-1ri","_links":{"self":[{"href":"https:\/\/webdealta.info\/index.php?rest_route=\/wp\/v2\/posts\/5536","targetHints":{"allow":["GET"]}}],"collection":[{"href":"https:\/\/webdealta.info\/index.php?rest_route=\/wp\/v2\/posts"}],"about":[{"href":"https:\/\/webdealta.info\/index.php?rest_route=\/wp\/v2\/types\/post"}],"author":[{"embeddable":true,"href":"https:\/\/webdealta.info\/index.php?rest_route=\/wp\/v2\/users\/2"}],"replies":[{"embeddable":true,"href":"https:\/\/webdealta.info\/index.php?rest_route=%2Fwp%2Fv2%2Fcomments&post=5536"}],"version-history":[{"count":2,"href":"https:\/\/webdealta.info\/index.php?rest_route=\/wp\/v2\/posts\/5536\/revisions"}],"predecessor-version":[{"id":5539,"href":"https:\/\/webdealta.info\/index.php?rest_route=\/wp\/v2\/posts\/5536\/revisions\/5539"}],"wp:featuredmedia":[{"embeddable":true,"href":"https:\/\/webdealta.info\/index.php?rest_route=\/wp\/v2\/media\/5537"}],"wp:attachment":[{"href":"https:\/\/webdealta.info\/index.php?rest_route=%2Fwp%2Fv2%2Fmedia&parent=5536"}],"wp:term":[{"taxonomy":"category","embeddable":true,"href":"https:\/\/webdealta.info\/index.php?rest_route=%2Fwp%2Fv2%2Fcategories&post=5536"},{"taxonomy":"post_tag","embeddable":true,"href":"https:\/\/webdealta.info\/index.php?rest_route=%2Fwp%2Fv2%2Ftags&post=5536"}],"curies":[{"name":"wp","href":"https:\/\/api.w.org\/{rel}","templated":true}]}}