{"id":5532,"date":"2022-09-24T16:31:37","date_gmt":"2022-09-24T20:31:37","guid":{"rendered":"https:\/\/webdealta.info\/?p=5532"},"modified":"2022-09-26T09:56:05","modified_gmt":"2022-09-26T13:56:05","slug":"comite-de-ferias-del-orituco-2022-presento-programacion","status":"publish","type":"post","link":"https:\/\/webdealta.info\/?p=5532","title":{"rendered":"Comit\u00e9 de Ferias del Orituco 2022 present\u00f3 programaci\u00f3n"},"content":{"rendered":"\n<p>Amanda Saldivia.-<\/p>\n\n\n\n<p>En rueda de prensa la directiva de las Ferias del Orituco 2022, dio a conocer la programaci\u00f3n que inician desde el 24 de septiembre hasta el nueve de octubre, en la cual est\u00e1n incluidas actividades culturales, deportivas y recreativas, as\u00ed como tambi\u00e9n religiosas en honor a San Miguel Arc\u00e1ngel, Santo Patrono del municipio Monagas, Gu\u00e1rico.<\/p>\n\n\n\n<p>Luis Callejas, presidente del comit\u00e9 organizador, acompa\u00f1ado por Juan Diego Sierra, vicepresidente; Yoruma Mendoza (Cultura), Juan Bandres (Deporte), Miguel Garc\u00eda (Seguridad) y Luis Del Corral, director general de la alcald\u00eda, dio a conocer en detalles la programaci\u00f3n, en un encuentro celebrado en la sede del Palacio Municipal, este viernes 23 de septiembre.<\/p>\n\n\n\n<p>A continuaci\u00f3n, el programa difundido a los medios de comunicaci\u00f3n social:<\/p>\n\n\n\n<p>S\u00e1bado 24 de septiembre:<\/p>\n\n\n\n<ul class=\"wp-block-list\"><li>Partido de softbol Monagas vs. Bandidos de un solo Brazo. Estadio Juan Armas (Tricentenario \u2013 San Jos\u00e9)<\/li><\/ul>\n\n\n\n<p>S\u00e1bado 24 y domingo 25 de septiembre:<\/p>\n\n\n\n<ul class=\"wp-block-list\"><li>Exhibici\u00f3n de motocross (Crossodromo William De Paz), parque ferial, antiguo Paso Country Club<\/li><\/ul>\n\n\n\n<p>Mi\u00e9rcoles 28 de septiembre:<\/p>\n\n\n\n<ul class=\"wp-block-list\"><li>Elecci\u00f3n de la Reina de las Ferias. Casa Canaria. Hora 9.00 pm<\/li><\/ul>\n\n\n\n<p>Jueves 29 de septiembre:<\/p>\n\n\n\n<ul class=\"wp-block-list\"><li>5:00 am Paseo C\u00edvico de San Miguel Arc\u00e1ngel<\/li><li>6:30 am Cumplea\u00f1os Feliz a San Miguel<\/li><li>10:00 am Misa en Honor a San Miguel<\/li><li>5:00 pm Misa en Honor a San Miguel<\/li><li>6:00 pm Procesi\u00f3n<\/li><li>7:00 pm Retreta<\/li><\/ul>\n\n\n\n<p>Viernes 30 de septiembre:<\/p>\n\n\n\n<ul class=\"wp-block-list\"><li>Carrera 10K y 5K. Lugar de concentraci\u00f3n plaza Bol\u00edvar de Altagracia. Hora 7:00 am. Inscripci\u00f3n gratuita en el lugar.<\/li><\/ul>\n\n\n\n<p>Domingo 2 de octubre:<\/p>\n\n\n\n<ul class=\"wp-block-list\"><li>Pique Fanguero. Parque Ferial<\/li><\/ul>\n\n\n\n<p>Mi\u00e9rcoles 7 de octubre:<\/p>\n\n\n\n<ul class=\"wp-block-list\"><li>Encuentro de tambores en la plaza Bol\u00edvar<\/li><\/ul>\n\n\n\n<p>Viernes 7 de octubre:<\/p>\n\n\n\n<ul class=\"wp-block-list\"><li>Primera tarde de toros coleados<\/li><li>Muestra ganadera<\/li><li>Noche bailable con la orquesta La Tentadora<\/li><\/ul>\n\n\n\n<p>S\u00e1bado 8 de octubre:<\/p>\n\n\n\n<ul class=\"wp-block-list\"><li>Segunda tarde de toros coleados<\/li><li>Muestra ganadera<\/li><li>Amanecer Llanero. Artistas Teo Galindez, Yennifer Mora y Antonio Pi\u00f1ango, entre otros.<\/li><\/ul>\n\n\n\n<p>Domingo 9 de octubre:<\/p>\n\n\n\n<ul class=\"wp-block-list\"><li>Tercera tarde de toros coleados<\/li><li>Muestra ganadera  <\/li><\/ul>\n\n\n\n<p>@amandasaldivia    <\/p>\n\n\n\n<p><\/p>\n","protected":false},"excerpt":{"rendered":"<p>Amanda Saldivia.- En rueda de prensa la directiva de las Ferias del Orituco 2022, dio a conocer la programaci\u00f3n que inician desde el 24 de septiembre hasta el nueve de octubre, en la cual est\u00e1n incluidas actividades culturales, deportivas y recreativas, as\u00ed como tambi\u00e9n religiosas en honor a San Miguel<\/p>\n","protected":false},"author":2,"featured_media":5533,"comment_status":"open","ping_status":"open","sticky":false,"template":"","format":"standard","meta":{"advanced_seo_description":"","jetpack_seo_html_title":"","jetpack_seo_noindex":false,"_jetpack_memberships_contains_paid_content":false,"footnotes":"","jetpack_publicize_message":"","jetpack_publicize_feature_enabled":true,"jetpack_social_post_already_shared":true,"jetpack_social_options":{"image_generator_settings":{"template":"highway","enabled":false},"version":2}},"categories":[326],"tags":[8,7,32],"class_list":["post-5532","post","type-post","status-publish","format-standard","has-post-thumbnail","hentry","category-ferias-del-orituco-2022","tag-altagraciadeorituco","tag-guarico","tag-webdealta",""],"jetpack_publicize_connections":[],"jetpack_featured_media_url":"https:\/\/webdealta.info\/wp-content\/uploads\/2022\/09\/directiva-webdealta.jpg","jetpack_sharing_enabled":true,"jetpack_likes_enabled":true,"jetpack-related-posts":[],"jetpack_shortlink":"https:\/\/wp.me\/pcseDn-1re","_links":{"self":[{"href":"https:\/\/webdealta.info\/index.php?rest_route=\/wp\/v2\/posts\/5532","targetHints":{"allow":["GET"]}}],"collection":[{"href":"https:\/\/webdealta.info\/index.php?rest_route=\/wp\/v2\/posts"}],"about":[{"href":"https:\/\/webdealta.info\/index.php?rest_route=\/wp\/v2\/types\/post"}],"author":[{"embeddable":true,"href":"https:\/\/webdealta.info\/index.php?rest_route=\/wp\/v2\/users\/2"}],"replies":[{"embeddable":true,"href":"https:\/\/webdealta.info\/index.php?rest_route=%2Fwp%2Fv2%2Fcomments&post=5532"}],"version-history":[{"count":2,"href":"https:\/\/webdealta.info\/index.php?rest_route=\/wp\/v2\/posts\/5532\/revisions"}],"predecessor-version":[{"id":5540,"href":"https:\/\/webdealta.info\/index.php?rest_route=\/wp\/v2\/posts\/5532\/revisions\/5540"}],"wp:featuredmedia":[{"embeddable":true,"href":"https:\/\/webdealta.info\/index.php?rest_route=\/wp\/v2\/media\/5533"}],"wp:attachment":[{"href":"https:\/\/webdealta.info\/index.php?rest_route=%2Fwp%2Fv2%2Fmedia&parent=5532"}],"wp:term":[{"taxonomy":"category","embeddable":true,"href":"https:\/\/webdealta.info\/index.php?rest_route=%2Fwp%2Fv2%2Fcategories&post=5532"},{"taxonomy":"post_tag","embeddable":true,"href":"https:\/\/webdealta.info\/index.php?rest_route=%2Fwp%2Fv2%2Ftags&post=5532"}],"curies":[{"name":"wp","href":"https:\/\/api.w.org\/{rel}","templated":true}]}}