{"id":5525,"date":"2022-09-22T21:59:53","date_gmt":"2022-09-23T01:59:53","guid":{"rendered":"https:\/\/webdealta.info\/?p=5525"},"modified":"2022-09-23T08:02:17","modified_gmt":"2022-09-23T12:02:17","slug":"entre-siete-bellezas-del-orituco-se-elegira-la-reina-de-ferias-2022","status":"publish","type":"post","link":"https:\/\/webdealta.info\/?p=5525","title":{"rendered":"Entre siete bellezas del Orituco se elegir\u00e1 la Reina de Ferias 2022"},"content":{"rendered":"\n<p>Amanda Saldivia.-<\/p>\n\n\n\n<p>Son siete las candidatas que aspiran lucir la corona del reinado de las Ferias del Orituco 2022, elecci\u00f3n que se llevar\u00e1 a cabo el pr\u00f3ximo mi\u00e9rcoles 28 de septiembre en la casa Canarias de Altagracia de Orituco, justo en la v\u00edspera de San Miguel Arc\u00e1ngel, Santo Patrono del municipio Monagas, Gu\u00e1rico.<\/p>\n\n\n\n<figure class=\"wp-block-image size-large\"><img loading=\"lazy\" decoding=\"async\" width=\"1024\" height=\"546\" src=\"https:\/\/webdealta.info\/wp-content\/uploads\/2022\/09\/foto-1-feria-1024x546.png\" alt=\"\" class=\"wp-image-5527\" srcset=\"https:\/\/webdealta.info\/wp-content\/uploads\/2022\/09\/foto-1-feria.png 1024w, https:\/\/webdealta.info\/wp-content\/uploads\/2022\/09\/foto-1-feria.png 300w, https:\/\/webdealta.info\/wp-content\/uploads\/2022\/09\/foto-1-feria.png 768w, https:\/\/webdealta.info\/wp-content\/uploads\/2022\/09\/foto-1-feria.png 1170w, https:\/\/webdealta.info\/wp-content\/uploads\/2022\/09\/foto-1-feria.png 1500w, https:\/\/webdealta.info\/wp-content\/uploads\/2022\/09\/foto-1-feria.png 1280w\" sizes=\"auto, (max-width: 640px) 100vw, 640px\" \/><\/figure>\n\n\n\n<p>La presentaci\u00f3n a la prensa fue en la tarde de este jueves 22 de septiembre, en un acto dirigido por Radam\u00e9s Gonz\u00e1lez, coordinador del reinado, quien organiz\u00f3 el evento para que los periodistas tuvieran la oportunidad de formular preguntas y conocer m\u00e1s de acerca al grupo de j\u00f3venes que aspiran la corona.<\/p>\n\n\n\n<p>Adem\u00e1s de la presencia de Anabel Ceballos, Luis Aviles, director de la emisora Activa 104.9 FM y la redactora de esta nota por la Web de Altagracia, acompa\u00f1ada por William Fourneau; destac\u00f3 la participaci\u00f3n de la Dra. Elsy Rodr\u00edguez, esposa del alcalde Pedro Sol\u00f3rzano.<\/p>\n\n\n\n<p>Entre los datos aportados por Radam\u00e9s Gonz\u00e1lez est\u00e1 que a parte de la Reina de las Ferias, se escoger\u00e1 a la soberana del Coleo, Deporte, Ganadera, Turismo y Prensa, esta \u00faltima por decisi\u00f3n de los periodistas asistentes al evento y cuya banda ser\u00e1 colocada en la noche de la elecci\u00f3n.<\/p>\n\n\n\n<p>Por su parte, la Dra. Elsy Rodr\u00edguez, anunci\u00f3 que la alcald\u00eda del municipio Monagas coordin\u00f3 el traslado de las siete candidatas a San Juan de los Morros, el pr\u00f3ximo lunes 26 de septiembre, para que pasen un d\u00eda en el hotel Aguas Termales, en compa\u00f1\u00eda de Fabiola de C\u00f3rdoba, esposa del gobernador Jos\u00e9 V\u00e1squez, donde recibir\u00e1n orientaciones sobre pasarela, maquillaje y obsequios, con la finalidad de fortalecer las habilidades de las j\u00f3venes participantes.<\/p>\n\n\n\n<p>A continuaci\u00f3n, el n\u00famero que identifica a cada candidata, el nombre y edad de las aspirantes:<\/p>\n\n\n\n<p>1.- Adrimar Ruiz, 15 a\u00f1os<\/p>\n\n\n\n<p>2.- Brandy Utrera, 19 a\u00f1os<\/p>\n\n\n\n<p>3.- Karla Tavera, 16 a\u00f1os<\/p>\n\n\n\n<p>4.- Franlis Bravo, 19 a\u00f1os<\/p>\n\n\n\n<p>5.- Blanca Gonz\u00e1lez, 15 a\u00f1os<\/p>\n\n\n\n<p>6.- Jennifer Orribo, 19 a\u00f1os<\/p>\n\n\n\n<p>7.- Marais Bencomo 19 a\u00f1os<\/p>\n\n\n\n<figure class=\"wp-block-image size-large\"><img loading=\"lazy\" decoding=\"async\" width=\"1024\" height=\"546\" src=\"https:\/\/webdealta.info\/wp-content\/uploads\/2022\/09\/foto-3-webdealta-feria-1024x546.png\" alt=\"\" class=\"wp-image-5528\" srcset=\"https:\/\/webdealta.info\/wp-content\/uploads\/2022\/09\/foto-3-webdealta-feria.png 1024w, https:\/\/webdealta.info\/wp-content\/uploads\/2022\/09\/foto-3-webdealta-feria.png 300w, https:\/\/webdealta.info\/wp-content\/uploads\/2022\/09\/foto-3-webdealta-feria.png 768w, https:\/\/webdealta.info\/wp-content\/uploads\/2022\/09\/foto-3-webdealta-feria.png 1170w, https:\/\/webdealta.info\/wp-content\/uploads\/2022\/09\/foto-3-webdealta-feria.png 1500w, https:\/\/webdealta.info\/wp-content\/uploads\/2022\/09\/foto-3-webdealta-feria.png 1280w\" sizes=\"auto, (max-width: 640px) 100vw, 640px\" \/><\/figure>\n\n\n\n<p>Es importante destacar, que tambi\u00e9n este a\u00f1o se incluy\u00f3 la Mini Reina de las Ferias, con la intenci\u00f3n de que ya se vayan perfilando como futuras concursantes. Las mini son:<\/p>\n\n\n\n<p>1.- B\u00e1rbara Fern\u00e1ndez 10 a\u00f1os<\/p>\n\n\n\n<p>2.- M\u00eda Aquino, 10 a\u00f1os<\/p>\n\n\n\n<p>3.- Carlis Gonz\u00e1lez, 10 a\u00f1os<\/p>\n\n\n\n<p>4.- Marielvis Bandres, 12 a\u00f1os<\/p>\n\n\n\n<p>5.- Victoria Dugarte, 12 a\u00f1os  <\/p>\n\n\n\n<p>@amandasaldivia<\/p>\n\n\n\n<p><\/p>\n","protected":false},"excerpt":{"rendered":"<p>Amanda Saldivia.- Son siete las candidatas que aspiran lucir la corona del reinado de las Ferias del Orituco 2022, elecci\u00f3n que se llevar\u00e1 a cabo el pr\u00f3ximo mi\u00e9rcoles 28 de septiembre en la casa Canarias de Altagracia de Orituco, justo en la v\u00edspera de San Miguel Arc\u00e1ngel, Santo Patrono del<\/p>\n","protected":false},"author":2,"featured_media":5526,"comment_status":"open","ping_status":"open","sticky":false,"template":"","format":"standard","meta":{"advanced_seo_description":"","jetpack_seo_html_title":"","jetpack_seo_noindex":false,"_jetpack_memberships_contains_paid_content":false,"footnotes":"","jetpack_publicize_message":"","jetpack_publicize_feature_enabled":true,"jetpack_social_post_already_shared":true,"jetpack_social_options":{"image_generator_settings":{"template":"highway","enabled":false},"version":2}},"categories":[326],"tags":[],"class_list":["post-5525","post","type-post","status-publish","format-standard","has-post-thumbnail","hentry","category-ferias-del-orituco-2022",""],"jetpack_publicize_connections":[],"jetpack_featured_media_url":"https:\/\/webdealta.info\/wp-content\/uploads\/2022\/09\/foto-ferias-webdealta-11.png","jetpack_sharing_enabled":true,"jetpack_likes_enabled":true,"jetpack-related-posts":[],"jetpack_shortlink":"https:\/\/wp.me\/pcseDn-1r7","_links":{"self":[{"href":"https:\/\/webdealta.info\/index.php?rest_route=\/wp\/v2\/posts\/5525","targetHints":{"allow":["GET"]}}],"collection":[{"href":"https:\/\/webdealta.info\/index.php?rest_route=\/wp\/v2\/posts"}],"about":[{"href":"https:\/\/webdealta.info\/index.php?rest_route=\/wp\/v2\/types\/post"}],"author":[{"embeddable":true,"href":"https:\/\/webdealta.info\/index.php?rest_route=\/wp\/v2\/users\/2"}],"replies":[{"embeddable":true,"href":"https:\/\/webdealta.info\/index.php?rest_route=%2Fwp%2Fv2%2Fcomments&post=5525"}],"version-history":[{"count":2,"href":"https:\/\/webdealta.info\/index.php?rest_route=\/wp\/v2\/posts\/5525\/revisions"}],"predecessor-version":[{"id":5530,"href":"https:\/\/webdealta.info\/index.php?rest_route=\/wp\/v2\/posts\/5525\/revisions\/5530"}],"wp:featuredmedia":[{"embeddable":true,"href":"https:\/\/webdealta.info\/index.php?rest_route=\/wp\/v2\/media\/5526"}],"wp:attachment":[{"href":"https:\/\/webdealta.info\/index.php?rest_route=%2Fwp%2Fv2%2Fmedia&parent=5525"}],"wp:term":[{"taxonomy":"category","embeddable":true,"href":"https:\/\/webdealta.info\/index.php?rest_route=%2Fwp%2Fv2%2Fcategories&post=5525"},{"taxonomy":"post_tag","embeddable":true,"href":"https:\/\/webdealta.info\/index.php?rest_route=%2Fwp%2Fv2%2Ftags&post=5525"}],"curies":[{"name":"wp","href":"https:\/\/api.w.org\/{rel}","templated":true}]}}