{"id":5516,"date":"2022-09-21T12:42:07","date_gmt":"2022-09-21T16:42:07","guid":{"rendered":"https:\/\/webdealta.info\/?p=5516"},"modified":"2022-09-21T12:42:10","modified_gmt":"2022-09-21T16:42:10","slug":"pasajera-de-motocicleta-sufrio-traumatismo-craneoencefalico","status":"publish","type":"post","link":"https:\/\/webdealta.info\/?p=5516","title":{"rendered":"Pasajera de motocicleta sufri\u00f3 traumatismo craneoencef\u00e1lico"},"content":{"rendered":"\n<p>Amanda Saldivia.-<\/p>\n\n\n\n<p>Al hospital Ranuarez Balza de San Juan de los Morros fue trasladada la ciudadana Ismary Josefina V\u00e1squez, tras sufrir traumatismo craneoencef\u00e1lico severo, producto de un accidente de tr\u00e1nsito que se registr\u00f3 a las 5:00 pm de este martes 20 de septiembre, en la carretera nacional v\u00eda oriente, a la altura de Alto Ipare.<\/p>\n\n\n\n<p>De acuerdo al reporte del Cuerpo de Bomberos Andr\u00e9 Fourneau de Altagracia de Orituco, el accidente se present\u00f3 cuando el conductor de la motocicleta, de nombre Jorge Delgado de 35 a\u00f1os de edad, perdi\u00f3 el control de la unidad y sali\u00f3 de la carretera, lo que trajo como consecuencia que \u00e9l y el resto de los ocupantes resultaran lesionados.<\/p>\n\n\n\n<p>Entre ellas est\u00e1 Ismary V\u00e1squez y Danielis Delgado, de un a\u00f1o de edad, quien present\u00f3 escoriaciones en el t\u00f3rax, mientras que Jorge Delgado, herida en el labio inferior. Todos fueron trasladados hasta el hospital Dr. Jos\u00e9 Francisco Torrealba de Altagracia de Orituco.<\/p>\n\n\n\n<p>Sin embargo, debido a la gravedad de las lesiones que present\u00f3 Ismary V\u00e1squez fue remitida a San Juan de los Morros en la ambulancia de Protecci\u00f3n Civil.<\/p>\n\n\n\n<p>@amandasaldivia<\/p>\n\n\n\n<p>Fotos cortes\u00eda  <\/p>\n\n\n\n<p><\/p>\n","protected":false},"excerpt":{"rendered":"<p>Amanda Saldivia.- Al hospital Ranuarez Balza de San Juan de los Morros fue trasladada la ciudadana Ismary Josefina V\u00e1squez, tras sufrir traumatismo craneoencef\u00e1lico severo, producto de un accidente de tr\u00e1nsito que se registr\u00f3 a las 5:00 pm de este martes 20 de septiembre, en la carretera nacional v\u00eda oriente, a<\/p>\n","protected":false},"author":2,"featured_media":5517,"comment_status":"open","ping_status":"open","sticky":false,"template":"","format":"standard","meta":{"advanced_seo_description":"","jetpack_seo_html_title":"","jetpack_seo_noindex":false,"_jetpack_memberships_contains_paid_content":false,"footnotes":"","jetpack_publicize_message":"","jetpack_publicize_feature_enabled":true,"jetpack_social_post_already_shared":true,"jetpack_social_options":{"image_generator_settings":{"template":"highway","enabled":false},"version":2}},"categories":[159],"tags":[8,7,32],"class_list":["post-5516","post","type-post","status-publish","format-standard","has-post-thumbnail","hentry","category-accidente","tag-altagraciadeorituco","tag-guarico","tag-webdealta",""],"jetpack_publicize_connections":[],"jetpack_featured_media_url":"https:\/\/webdealta.info\/wp-content\/uploads\/2022\/09\/foto-accidente-3-webdealta.jpg","jetpack_sharing_enabled":true,"jetpack_likes_enabled":true,"jetpack-related-posts":[],"jetpack_shortlink":"https:\/\/wp.me\/pcseDn-1qY","_links":{"self":[{"href":"https:\/\/webdealta.info\/index.php?rest_route=\/wp\/v2\/posts\/5516","targetHints":{"allow":["GET"]}}],"collection":[{"href":"https:\/\/webdealta.info\/index.php?rest_route=\/wp\/v2\/posts"}],"about":[{"href":"https:\/\/webdealta.info\/index.php?rest_route=\/wp\/v2\/types\/post"}],"author":[{"embeddable":true,"href":"https:\/\/webdealta.info\/index.php?rest_route=\/wp\/v2\/users\/2"}],"replies":[{"embeddable":true,"href":"https:\/\/webdealta.info\/index.php?rest_route=%2Fwp%2Fv2%2Fcomments&post=5516"}],"version-history":[{"count":1,"href":"https:\/\/webdealta.info\/index.php?rest_route=\/wp\/v2\/posts\/5516\/revisions"}],"predecessor-version":[{"id":5518,"href":"https:\/\/webdealta.info\/index.php?rest_route=\/wp\/v2\/posts\/5516\/revisions\/5518"}],"wp:featuredmedia":[{"embeddable":true,"href":"https:\/\/webdealta.info\/index.php?rest_route=\/wp\/v2\/media\/5517"}],"wp:attachment":[{"href":"https:\/\/webdealta.info\/index.php?rest_route=%2Fwp%2Fv2%2Fmedia&parent=5516"}],"wp:term":[{"taxonomy":"category","embeddable":true,"href":"https:\/\/webdealta.info\/index.php?rest_route=%2Fwp%2Fv2%2Fcategories&post=5516"},{"taxonomy":"post_tag","embeddable":true,"href":"https:\/\/webdealta.info\/index.php?rest_route=%2Fwp%2Fv2%2Ftags&post=5516"}],"curies":[{"name":"wp","href":"https:\/\/api.w.org\/{rel}","templated":true}]}}