{"id":5511,"date":"2022-09-21T12:26:14","date_gmt":"2022-09-21T16:26:14","guid":{"rendered":"https:\/\/webdealta.info\/?p=5511"},"modified":"2022-09-21T12:26:19","modified_gmt":"2022-09-21T16:26:19","slug":"accidente-ocho-lesionados-en-volcamiento-de-transporte-colectivo","status":"publish","type":"post","link":"https:\/\/webdealta.info\/?p=5511","title":{"rendered":"Accidente: ocho lesionados en volcamiento de transporte colectivo"},"content":{"rendered":"\n<p>Amanda Saldivia.-<\/p>\n\n\n\n<p>Un total de ocho lesionados, entre ellos un paciente renal, arroj\u00f3 el accidente de tr\u00e1nsito que se registr\u00f3 en la madrugada de este mi\u00e9rcoles 21 de septiembre en el municipio Monagas, Gu\u00e1rico, espec\u00edficamente en la troncal 11, a la altura de Las Petacas, a pocos kil\u00f3metros de la poblaci\u00f3n de San Rafael de Orituco.<\/p>\n\n\n\n<figure class=\"wp-block-image size-large\"><img loading=\"lazy\" decoding=\"async\" width=\"1024\" height=\"546\" src=\"https:\/\/webdealta.info\/wp-content\/uploads\/2022\/09\/fotro-2-accidente-webdealta-1024x546.png\" alt=\"\" class=\"wp-image-5512\" srcset=\"https:\/\/webdealta.info\/wp-content\/uploads\/2022\/09\/fotro-2-accidente-webdealta.png 1024w, https:\/\/webdealta.info\/wp-content\/uploads\/2022\/09\/fotro-2-accidente-webdealta.png 300w, https:\/\/webdealta.info\/wp-content\/uploads\/2022\/09\/fotro-2-accidente-webdealta.png 768w, https:\/\/webdealta.info\/wp-content\/uploads\/2022\/09\/fotro-2-accidente-webdealta.png 1170w, https:\/\/webdealta.info\/wp-content\/uploads\/2022\/09\/fotro-2-accidente-webdealta.png 1500w, https:\/\/webdealta.info\/wp-content\/uploads\/2022\/09\/fotro-2-accidente-webdealta.png 1280w\" sizes=\"auto, (max-width: 640px) 100vw, 640px\" \/><\/figure>\n\n\n\n<p>El veh\u00edculo involucrado en el accidente fue una unidad de la l\u00ednea Valles de Tuy que cubre la ruta Altagracia de Orituco-San Juan de los Morros, la cual era conducida por Israel Ruiz, quien perdi\u00f3 el control del veh\u00edculo, aparentemente por un desperfecto mec\u00e1nico, lo que trajo como consecuencia el volcamiento.<\/p>\n\n\n\n<p>El siniestro fue a las 4:30 am, lo que activ\u00f3 la presencia de los diferentes cuerpos de seguridad, tales como Cuerpo de Bomberos, Protecci\u00f3n Civil, Guardia Nacional y Polic\u00eda Nacional Bolivariana, quienes procedieron al traslado de los lesionados al hospital Dr. Jos\u00e9 Francisco Torrealba. Al parecer iban 20 pasajeros a bordo, algunos de ellos pacientes renales que son dializados en San Juan de los Morros.<\/p>\n\n\n\n<p>Seg\u00fan el reporte del CNEL (B) Lcdo. Denis Duran, Primer Comandante del Cuerpo de Bomberos Andr\u00e9 Fourneau de Altagracia de Orituco, las personas trasladadas para atenci\u00f3n m\u00e9dica fueron las siguientes:<\/p>\n\n\n\n<ul class=\"wp-block-list\"><li>Jos\u00e9 Fern\u00e1ndez, c\u00e9dula de identidad N\u00b0 20.399.415, 29 a\u00f1os, presentando politraumatisto generalizado.<\/li><li>Iris S\u00e1nchez de 64 a\u00f1os, c\u00e9dula de Identidad N\u00b0 5.071.454, herida a nivel del tabique nasal.<\/li><li>Pedro Flores 52 a\u00f1os, c\u00e9dula de identidad N\u00b0 10.496.723, traumatismo generalizado y herida a nivel parietal.<\/li><li>Yoelis Tomas, 28 a\u00f1os, c\u00e9dula de identidad N\u00b017.372.271, traumatismo generalizado.<\/li><li>Vianney Morales, 55 a\u00f1os, c\u00e9dula de identidad N\u00b0 6.325.447, traumatismo generalizado.<\/li><li>Leonela Mesia, 35 a\u00f1os, c\u00e9dula de identidad N\u00b0 18.067.235, traumatismo en el hombro derecho.<\/li><li>Leonelis Flores de 13 a\u00f1os, presentando traumatismo en el hombro derecho.<\/li><li>Sim\u00f3n D\u00edaz, 59 a\u00f1os titular de la C\u00e9dula de identidad N\u00b0 8.765.371, el mismo paciente de di\u00e1lisis y presento traumatismo generalizado.<\/li><\/ul>\n\n\n\n<p><strong>Testimonio del accidente<\/strong><\/p>\n\n\n\n<p>De acuerdo al testimonio de Jos\u00e9 Medina, pasajero que result\u00f3 ileso, el veh\u00edculo volc\u00f3 y cay\u00f3 a la quebrada, motivo por el cual considera que fue un milagro, porque el cauce ten\u00eda agua, incluso se mojaron documentos que llevaba en el malet\u00edn como parte del ejercicio profesional como abogado.<\/p>\n\n\n\n<p>Al ser consultado sobre las razones del accidente, se\u00f1al\u00f3 que al parecer \u201cse desprendi\u00f3 la barra estabilizadora\u201d.<\/p>\n\n\n\n<p>@amandasaldivia <\/p>\n\n\n\n<p><\/p>\n","protected":false},"excerpt":{"rendered":"<p>Amanda Saldivia.- Un total de ocho lesionados, entre ellos un paciente renal, arroj\u00f3 el accidente de tr\u00e1nsito que se registr\u00f3 en la madrugada de este mi\u00e9rcoles 21 de septiembre en el municipio Monagas, Gu\u00e1rico, espec\u00edficamente en la troncal 11, a la altura de Las Petacas, a pocos kil\u00f3metros de la<\/p>\n","protected":false},"author":2,"featured_media":5513,"comment_status":"open","ping_status":"open","sticky":false,"template":"","format":"standard","meta":{"advanced_seo_description":"","jetpack_seo_html_title":"","jetpack_seo_noindex":false,"_jetpack_memberships_contains_paid_content":false,"footnotes":"","jetpack_publicize_message":"","jetpack_publicize_feature_enabled":true,"jetpack_social_post_already_shared":true,"jetpack_social_options":{"image_generator_settings":{"template":"highway","enabled":false},"version":2}},"categories":[159],"tags":[8,7,32],"class_list":["post-5511","post","type-post","status-publish","format-standard","has-post-thumbnail","hentry","category-accidente","tag-altagraciadeorituco","tag-guarico","tag-webdealta",""],"jetpack_publicize_connections":[],"jetpack_featured_media_url":"https:\/\/webdealta.info\/wp-content\/uploads\/2022\/09\/foto-1-accidente-webdealta.png","jetpack_sharing_enabled":true,"jetpack_likes_enabled":true,"jetpack-related-posts":[],"jetpack_shortlink":"https:\/\/wp.me\/pcseDn-1qT","_links":{"self":[{"href":"https:\/\/webdealta.info\/index.php?rest_route=\/wp\/v2\/posts\/5511","targetHints":{"allow":["GET"]}}],"collection":[{"href":"https:\/\/webdealta.info\/index.php?rest_route=\/wp\/v2\/posts"}],"about":[{"href":"https:\/\/webdealta.info\/index.php?rest_route=\/wp\/v2\/types\/post"}],"author":[{"embeddable":true,"href":"https:\/\/webdealta.info\/index.php?rest_route=\/wp\/v2\/users\/2"}],"replies":[{"embeddable":true,"href":"https:\/\/webdealta.info\/index.php?rest_route=%2Fwp%2Fv2%2Fcomments&post=5511"}],"version-history":[{"count":1,"href":"https:\/\/webdealta.info\/index.php?rest_route=\/wp\/v2\/posts\/5511\/revisions"}],"predecessor-version":[{"id":5514,"href":"https:\/\/webdealta.info\/index.php?rest_route=\/wp\/v2\/posts\/5511\/revisions\/5514"}],"wp:featuredmedia":[{"embeddable":true,"href":"https:\/\/webdealta.info\/index.php?rest_route=\/wp\/v2\/media\/5513"}],"wp:attachment":[{"href":"https:\/\/webdealta.info\/index.php?rest_route=%2Fwp%2Fv2%2Fmedia&parent=5511"}],"wp:term":[{"taxonomy":"category","embeddable":true,"href":"https:\/\/webdealta.info\/index.php?rest_route=%2Fwp%2Fv2%2Fcategories&post=5511"},{"taxonomy":"post_tag","embeddable":true,"href":"https:\/\/webdealta.info\/index.php?rest_route=%2Fwp%2Fv2%2Ftags&post=5511"}],"curies":[{"name":"wp","href":"https:\/\/api.w.org\/{rel}","templated":true}]}}