{"id":5507,"date":"2022-09-19T22:13:57","date_gmt":"2022-09-20T02:13:57","guid":{"rendered":"https:\/\/webdealta.info\/?p=5507"},"modified":"2022-09-19T22:13:58","modified_gmt":"2022-09-20T02:13:58","slug":"inicio-novena-y-peregrinacion-en-honor-a-san-miguel-arcangel","status":"publish","type":"post","link":"https:\/\/webdealta.info\/?p=5507","title":{"rendered":"Inici\u00f3 Novena y peregrinaci\u00f3n en honor a San Miguel Arc\u00e1ngel"},"content":{"rendered":"\n<p>Amanda Saldivia.-<\/p>\n\n\n\n<p>Con el recorrido por las parroquias eclesi\u00e1sticas que forman parte del arciprestazgo Madre Candelaria de San Jos\u00e9, inici\u00f3 este lunes la peregrinaci\u00f3n de la imagen de San Miguel Arc\u00e1ngel, Santo Patrono del municipio Jos\u00e9 Tadeo Monagas, cuya fecha de celebraci\u00f3n es el venidero 29 de septiembre.<\/p>\n\n\n\n<p>Previo al traslado de la imagen a San Rafael de Orituco, se realiz\u00f3 la Novena en la iglesia Nuestra Se\u00f1ora de Altagracia, con la presencia del padre Cruz Mujica, parte del equipo de la Pastoral y devotos de San Miguel Arc\u00e1ngel.<\/p>\n\n\n\n<p>Al respecto, el padre Cruz Mujica explic\u00f3 que este a\u00f1o para darle un sentido m\u00e1s amplio de familiaridad a la Novena de San Miguel, con las parroquias que pertenecen al arciprestazgo, se decidi\u00f3 realizar la peregrinaci\u00f3n para \u201cvivir la sinodalidad que se nos pide, a trav\u00e9s del papa Francisco, que es el caminar juntos para lograr las metas que se propone la iglesia, a trav\u00e9s de la evangelizaci\u00f3n\u201d.<\/p>\n\n\n\n<p>Precis\u00f3 el sacerdote, que la imagen de San Miguel permanecer\u00e1 en cada parroquia 24 horas, es decir es recibida a las 4:30 de la tarde y al d\u00eda siguiente es entregada a otra parroquia a una hora similar, hasta completar el recorrido por San Francisco de Macaira, Paso Real, Sabana Grande, Guaribe, Lezama, Camoruco, San Jos\u00e9 Obrero y nuevamente a la parroquia Nuestra Se\u00f1ora de Altagracia, para culminar la Novena el 28 de septiembre.<\/p>\n\n\n\n<p>Sobre la significaci\u00f3n que tienen San Miguel, el padre Cruz Mujica, relat\u00f3 que en las Santas Escrituras este arc\u00e1ngel se \u201cenfrenta al mal, representado por el demonio, por Santanas, hay una batalla y San Miguel vence al mal, \u00e9l es Capit\u00e1n de las Milicias Celestiales que defiende la vida la celestial, as\u00ed como vida terrena\u201d.<\/p>\n\n\n\n<p>@amandasaldivia  <\/p>\n\n\n\n<p><\/p>\n","protected":false},"excerpt":{"rendered":"<p>Amanda Saldivia.- Con el recorrido por las parroquias eclesi\u00e1sticas que forman parte del arciprestazgo Madre Candelaria de San Jos\u00e9, inici\u00f3 este lunes la peregrinaci\u00f3n de la imagen de San Miguel Arc\u00e1ngel, Santo Patrono del municipio Jos\u00e9 Tadeo Monagas, cuya fecha de celebraci\u00f3n es el venidero 29 de septiembre. Previo al<\/p>\n","protected":false},"author":2,"featured_media":5509,"comment_status":"open","ping_status":"open","sticky":false,"template":"","format":"standard","meta":{"advanced_seo_description":"","jetpack_seo_html_title":"","jetpack_seo_noindex":false,"_jetpack_memberships_contains_paid_content":false,"footnotes":"","jetpack_publicize_message":"","jetpack_publicize_feature_enabled":true,"jetpack_social_post_already_shared":true,"jetpack_social_options":{"image_generator_settings":{"template":"highway","enabled":false},"version":2}},"categories":[42],"tags":[8,7,32],"class_list":["post-5507","post","type-post","status-publish","format-standard","has-post-thumbnail","hentry","category-iglesia-catolica","tag-altagraciadeorituco","tag-guarico","tag-webdealta",""],"jetpack_publicize_connections":[],"jetpack_featured_media_url":"https:\/\/webdealta.info\/wp-content\/uploads\/2022\/09\/San-Miguel-Arcangel-2022-webdealta.png","jetpack_sharing_enabled":true,"jetpack_likes_enabled":true,"jetpack-related-posts":[],"jetpack_shortlink":"https:\/\/wp.me\/pcseDn-1qP","_links":{"self":[{"href":"https:\/\/webdealta.info\/index.php?rest_route=\/wp\/v2\/posts\/5507","targetHints":{"allow":["GET"]}}],"collection":[{"href":"https:\/\/webdealta.info\/index.php?rest_route=\/wp\/v2\/posts"}],"about":[{"href":"https:\/\/webdealta.info\/index.php?rest_route=\/wp\/v2\/types\/post"}],"author":[{"embeddable":true,"href":"https:\/\/webdealta.info\/index.php?rest_route=\/wp\/v2\/users\/2"}],"replies":[{"embeddable":true,"href":"https:\/\/webdealta.info\/index.php?rest_route=%2Fwp%2Fv2%2Fcomments&post=5507"}],"version-history":[{"count":1,"href":"https:\/\/webdealta.info\/index.php?rest_route=\/wp\/v2\/posts\/5507\/revisions"}],"predecessor-version":[{"id":5510,"href":"https:\/\/webdealta.info\/index.php?rest_route=\/wp\/v2\/posts\/5507\/revisions\/5510"}],"wp:featuredmedia":[{"embeddable":true,"href":"https:\/\/webdealta.info\/index.php?rest_route=\/wp\/v2\/media\/5509"}],"wp:attachment":[{"href":"https:\/\/webdealta.info\/index.php?rest_route=%2Fwp%2Fv2%2Fmedia&parent=5507"}],"wp:term":[{"taxonomy":"category","embeddable":true,"href":"https:\/\/webdealta.info\/index.php?rest_route=%2Fwp%2Fv2%2Fcategories&post=5507"},{"taxonomy":"post_tag","embeddable":true,"href":"https:\/\/webdealta.info\/index.php?rest_route=%2Fwp%2Fv2%2Ftags&post=5507"}],"curies":[{"name":"wp","href":"https:\/\/api.w.org\/{rel}","templated":true}]}}