{"id":5503,"date":"2022-09-19T08:42:26","date_gmt":"2022-09-19T12:42:26","guid":{"rendered":"https:\/\/webdealta.info\/?p=5503"},"modified":"2022-09-19T08:42:27","modified_gmt":"2022-09-19T12:42:27","slug":"camoruco-aguas-servidas-corren-por-la-vereda-10","status":"publish","type":"post","link":"https:\/\/webdealta.info\/?p=5503","title":{"rendered":"Camoruco: aguas servidas corren por la vereda 10"},"content":{"rendered":"\n<p>Amanda Saldivia.-<\/p>\n\n\n\n<p>Desde el pasado 8 de agosto est\u00e1n expuestas las aguas servidas en la vereda 10 de Camoruco, fecha en la cual la alcald\u00eda del municipio Monagas inici\u00f3 los trabajos en esa urbanizaci\u00f3n de Altagracia de Orituco, a los fines de solucionar la obstrucci\u00f3n de las redes provenientes de la escuela Abelardo M\u00e9ndez.<\/p>\n\n\n\n<p>Morelia Chac\u00f3n, habitante de la vereda 10, denunci\u00f3 que los trabajos se paralizaron supuestamente por falta de maquinaria y ellos durante todo ese tiempo han tenido que soportar los olores, adem\u00e1s del riesgo que representa las aguas servidas expuestas al frente de sus casas.<\/p>\n\n\n\n<p>\u201cLe hago un llamado a la alcald\u00eda del municipio Monagas, para que se avoque a solucionar el problema de aguas servidas que estamos presentando desde el 8 de agosto, problema que inici\u00f3 en la escuela Abelardo M\u00e9ndez\u2026abrieron la calle y desde ese d\u00eda las aguas servidas est\u00e1n expuestas, corriendo libremente\u201d, expres\u00f3 Morelia Chac\u00f3n.<\/p>\n\n\n\n<p>En las declaraciones ofrecidas en la ma\u00f1ana de este lunes 19 de septiembre, explic\u00f3 que hace semanas se comunicaci\u00f3n con Alexis Barahona, director de Servicios P\u00fablicos y este manifest\u00f3 que la m\u00e1quina estaba da\u00f1ada, \u201cya eso fue desde hace 17 d\u00edas y a\u00fan no hemos recibido respuesta ante esta problem\u00e1tica\u201d.<\/p>\n\n\n\n<p>Por \u00faltimo, se\u00f1al\u00f3 que la situaci\u00f3n tiende a complicarse, porque este lunes se incorpor\u00f3 el personal docente, administrativo y de ambientalistas a la escuela Abelardo M\u00e9ndez, instituci\u00f3n que tambi\u00e9n est\u00e1 afectada.<\/p>\n\n\n\n<p>@amandasaldivia  <\/p>\n\n\n\n<p><\/p>\n","protected":false},"excerpt":{"rendered":"<p>Amanda Saldivia.- Desde el pasado 8 de agosto est\u00e1n expuestas las aguas servidas en la vereda 10 de Camoruco, fecha en la cual la alcald\u00eda del municipio Monagas inici\u00f3 los trabajos en esa urbanizaci\u00f3n de Altagracia de Orituco, a los fines de solucionar la obstrucci\u00f3n de las redes provenientes de<\/p>\n","protected":false},"author":2,"featured_media":5504,"comment_status":"open","ping_status":"open","sticky":false,"template":"","format":"standard","meta":{"advanced_seo_description":"","jetpack_seo_html_title":"","jetpack_seo_noindex":false,"_jetpack_memberships_contains_paid_content":false,"footnotes":"","jetpack_publicize_message":"","jetpack_publicize_feature_enabled":true,"jetpack_social_post_already_shared":true,"jetpack_social_options":{"image_generator_settings":{"template":"highway","enabled":false},"version":2}},"categories":[268],"tags":[8,7,32],"class_list":["post-5503","post","type-post","status-publish","format-standard","has-post-thumbnail","hentry","category-servicios-publicos","tag-altagraciadeorituco","tag-guarico","tag-webdealta",""],"jetpack_publicize_connections":[],"jetpack_featured_media_url":"https:\/\/webdealta.info\/wp-content\/uploads\/2022\/09\/aguas-servidas-webdealta-1.png","jetpack_sharing_enabled":true,"jetpack_likes_enabled":true,"jetpack-related-posts":[],"jetpack_shortlink":"https:\/\/wp.me\/pcseDn-1qL","_links":{"self":[{"href":"https:\/\/webdealta.info\/index.php?rest_route=\/wp\/v2\/posts\/5503","targetHints":{"allow":["GET"]}}],"collection":[{"href":"https:\/\/webdealta.info\/index.php?rest_route=\/wp\/v2\/posts"}],"about":[{"href":"https:\/\/webdealta.info\/index.php?rest_route=\/wp\/v2\/types\/post"}],"author":[{"embeddable":true,"href":"https:\/\/webdealta.info\/index.php?rest_route=\/wp\/v2\/users\/2"}],"replies":[{"embeddable":true,"href":"https:\/\/webdealta.info\/index.php?rest_route=%2Fwp%2Fv2%2Fcomments&post=5503"}],"version-history":[{"count":1,"href":"https:\/\/webdealta.info\/index.php?rest_route=\/wp\/v2\/posts\/5503\/revisions"}],"predecessor-version":[{"id":5505,"href":"https:\/\/webdealta.info\/index.php?rest_route=\/wp\/v2\/posts\/5503\/revisions\/5505"}],"wp:featuredmedia":[{"embeddable":true,"href":"https:\/\/webdealta.info\/index.php?rest_route=\/wp\/v2\/media\/5504"}],"wp:attachment":[{"href":"https:\/\/webdealta.info\/index.php?rest_route=%2Fwp%2Fv2%2Fmedia&parent=5503"}],"wp:term":[{"taxonomy":"category","embeddable":true,"href":"https:\/\/webdealta.info\/index.php?rest_route=%2Fwp%2Fv2%2Fcategories&post=5503"},{"taxonomy":"post_tag","embeddable":true,"href":"https:\/\/webdealta.info\/index.php?rest_route=%2Fwp%2Fv2%2Ftags&post=5503"}],"curies":[{"name":"wp","href":"https:\/\/api.w.org\/{rel}","templated":true}]}}