{"id":5495,"date":"2022-09-18T10:13:21","date_gmt":"2022-09-18T14:13:21","guid":{"rendered":"https:\/\/webdealta.info\/?p=5495"},"modified":"2022-09-18T10:13:23","modified_gmt":"2022-09-18T14:13:23","slug":"el-poder-del-conocimiento-el-origen-de-la-arepa","status":"publish","type":"post","link":"https:\/\/webdealta.info\/?p=5495","title":{"rendered":"El Poder del Conocimiento: el origen de la arepa"},"content":{"rendered":"\n<p>Amanda Saldivia.-<\/p>\n\n\n\n<p>Presentamos la historia sobre el origen de la arepa. El tema genera controversia, porque tanto en Colombia como en Venezuela la arepa est\u00e1 presente como alimento desde hace 3000 a\u00f1os. Desde el punto de vista ling\u00fc\u00edstico, la palabra arepa proviene del vocablo ind\u00edgena \u201cerepa\u201d, herencia de los Cumanagotos, tribu de los Caribes asentados en el oriente de Venezuela.<\/p>\n\n\n\n<p>Eso pudiera sumar puntos para Venezuela en cuanto al origen de la arepa, pero los investigadores consideran que solo desde lo ling\u00fc\u00edstico, es decir no es determinante para definir el origen, porque al llegar los espa\u00f1oles a Colombia hubo evidencias de que, en los departamentos de Magdalena, C\u00e9sar, Caldas y Antioquia, tambi\u00e9n los ind\u00edgenas consum\u00eda la arepa.<\/p>\n\n\n\n<p>As\u00ed que los colombianos dir\u00e1n que la arepa es parte de su cultura y los venezolanos tambi\u00e9n, es que antes de la conquista era un solo territorio, no hab\u00eda fronteras que dividieran esta zona de Sudam\u00e9rica, adem\u00e1s ambos pa\u00edses tienen una historia en com\u00fan, debido al proceso de independencia e incluso llegaron a ser una sola naci\u00f3n que se conoci\u00f3 como La Gran Colombia.<\/p>\n\n\n\n<p>La diferencia radica en que en Venezuela mayormente se consume con relleno, mientras en Colombia como acompa\u00f1ante. Pero la controversia contin\u00faa y desde el a\u00f1o 2012 la organizaci\u00f3n Venezolanos en el Mundo promovi\u00f3 celebrar el D\u00eda Mundial de la Arepa, cada segundo s\u00e1bado de septiembre, con la finalidad de darle realce a este plato insigne de la gastronom\u00eda de nuestro pa\u00eds, que tanto comentarios despierta, ante la diversidad de elaborarlas, fritas con el toque dulce y queso blanco llanero, al horno, asada a la plancha o en el tradicional budare.<\/p>\n\n\n\n<p>Es que la arepa venezolana, est\u00e1 presente en cualquier parte del mundo, producto de la di\u00e1spora. As\u00ed que no es de extra\u00f1ar que hasta en Australia usted encuentre este popular plato, que destaca por los variados rellenos. Tenemos, por ejemplo, la arepa de pabell\u00f3n, la peluda, la popular Reina Pepeada, la de asado negro, de pernil y otras tantas que distinguen a nuestro pa\u00eds.<\/p>\n\n\n\n<p>En definitiva, la discusi\u00f3n sobre el origen queda en segundo plano, porque lo cierto es que la arepa nos distingue como naci\u00f3n, es un alimento de origen ind\u00edgena que se extendi\u00f3 por este territorio que no ten\u00eda fronteras y donde el ma\u00edz era parte de la alimentaci\u00f3n de los primeros pobladores. \u00bfY usted c\u00f3mo la prefiere?<\/p>\n\n\n\n<p>Ese fue el tema del micro de la semana, de la serie El Poder del Conocimiento, iniciativa de Promasorca para enriquecer los saberes, con historias, an\u00e9cdotas y curiosidades del Orituco y del mundo.<\/p>\n\n\n\n<p>@amandasaldivia  <\/p>\n\n\n\n<p><\/p>\n","protected":false},"excerpt":{"rendered":"<p>Amanda Saldivia.- Presentamos la historia sobre el origen de la arepa. El tema genera controversia, porque tanto en Colombia como en Venezuela la arepa est\u00e1 presente como alimento desde hace 3000 a\u00f1os. Desde el punto de vista ling\u00fc\u00edstico, la palabra arepa proviene del vocablo ind\u00edgena \u201cerepa\u201d, herencia de los Cumanagotos,<\/p>\n","protected":false},"author":2,"featured_media":5496,"comment_status":"open","ping_status":"open","sticky":false,"template":"","format":"standard","meta":{"advanced_seo_description":"","jetpack_seo_html_title":"","jetpack_seo_noindex":false,"_jetpack_memberships_contains_paid_content":false,"footnotes":"","jetpack_publicize_message":"","jetpack_publicize_feature_enabled":true,"jetpack_social_post_already_shared":true,"jetpack_social_options":{"image_generator_settings":{"template":"highway","enabled":false},"version":2}},"categories":[302],"tags":[8,7,32],"class_list":["post-5495","post","type-post","status-publish","format-standard","has-post-thumbnail","hentry","category-el-poder-del-conocimiento","tag-altagraciadeorituco","tag-guarico","tag-webdealta",""],"jetpack_publicize_connections":[],"jetpack_featured_media_url":"https:\/\/webdealta.info\/wp-content\/uploads\/2022\/09\/la-arepa-el-poderl-del-conocimiento.png","jetpack_sharing_enabled":true,"jetpack_likes_enabled":true,"jetpack-related-posts":[],"jetpack_shortlink":"https:\/\/wp.me\/pcseDn-1qD","_links":{"self":[{"href":"https:\/\/webdealta.info\/index.php?rest_route=\/wp\/v2\/posts\/5495","targetHints":{"allow":["GET"]}}],"collection":[{"href":"https:\/\/webdealta.info\/index.php?rest_route=\/wp\/v2\/posts"}],"about":[{"href":"https:\/\/webdealta.info\/index.php?rest_route=\/wp\/v2\/types\/post"}],"author":[{"embeddable":true,"href":"https:\/\/webdealta.info\/index.php?rest_route=\/wp\/v2\/users\/2"}],"replies":[{"embeddable":true,"href":"https:\/\/webdealta.info\/index.php?rest_route=%2Fwp%2Fv2%2Fcomments&post=5495"}],"version-history":[{"count":1,"href":"https:\/\/webdealta.info\/index.php?rest_route=\/wp\/v2\/posts\/5495\/revisions"}],"predecessor-version":[{"id":5497,"href":"https:\/\/webdealta.info\/index.php?rest_route=\/wp\/v2\/posts\/5495\/revisions\/5497"}],"wp:featuredmedia":[{"embeddable":true,"href":"https:\/\/webdealta.info\/index.php?rest_route=\/wp\/v2\/media\/5496"}],"wp:attachment":[{"href":"https:\/\/webdealta.info\/index.php?rest_route=%2Fwp%2Fv2%2Fmedia&parent=5495"}],"wp:term":[{"taxonomy":"category","embeddable":true,"href":"https:\/\/webdealta.info\/index.php?rest_route=%2Fwp%2Fv2%2Fcategories&post=5495"},{"taxonomy":"post_tag","embeddable":true,"href":"https:\/\/webdealta.info\/index.php?rest_route=%2Fwp%2Fv2%2Ftags&post=5495"}],"curies":[{"name":"wp","href":"https:\/\/api.w.org\/{rel}","templated":true}]}}