{"id":5491,"date":"2022-09-17T10:39:08","date_gmt":"2022-09-17T14:39:08","guid":{"rendered":"https:\/\/webdealta.info\/?p=5491"},"modified":"2022-09-17T10:39:09","modified_gmt":"2022-09-17T14:39:09","slug":"caminata-4k-por-el-55-aniversario-de-la-parroquia-san-jose-obrero","status":"publish","type":"post","link":"https:\/\/webdealta.info\/?p=5491","title":{"rendered":"Caminata 4K por el 55 aniversario de la parroquia San Jos\u00e9 Obrero"},"content":{"rendered":"\n<p>Amanda Saldivia.-<\/p>\n\n\n\n<p>Con las palabras del padre Luis M\u00e1rquez, quien pidi\u00f3 la intercepci\u00f3n de San Jos\u00e9 ante Dios para llevarlos con bien durante el recorrido, inici\u00f3 la caminata 4K que form\u00f3 parte de la programaci\u00f3n aniversario n\u00famero 55 de la parroquia San Jos\u00e9 Obrero de Altagracia de Orituco, Gu\u00e1rico.<\/p>\n\n\n\n<p>Con entusiasmo, los caminantes realizaron el recorrido por las calles Hurtado Ascanio, Ilustres Pr\u00f3ceres, Bol\u00edvar, Vuelvan Caras, Chapaiguana y la principal del Tricentenario hasta llegar a la sede de la iglesia en el Banco Obrero, de donde partieron. Ah\u00ed prosigui\u00f3 la jornada con bailoterapia y otras actividades pro fondos de la recuperaci\u00f3n de la planta f\u00edsica de esa edificaci\u00f3n religiosa.<\/p>\n\n\n\n<p>El padre Luis M\u00e1rquez al hacer un recuento de las condiciones de la iglesia, precis\u00f3 que los \u201ctrabajos se iniciaron el 12 de octubre de 2021\u2026asesorado por expertos se propone construir una nueva fachada para el templo parroquial y embellecer el interior del mismo, entre lo que destaca la construcci\u00f3n de una Capilla dedicada al Sant\u00edsimo en el ala lateral del templo\u201d.<\/p>\n\n\n\n<p>Agradeci\u00f3 el apoyo del sector comercial, de las instituciones p\u00fablicas y privadas, medios de comunicaci\u00f3n social, grupos de deportistas, as\u00ed como tambi\u00e9n \u201ca los 22 sectores que conforman la parroquia San Jos\u00e9 obrero, 15 grupos de apostolados, movimientos y sociedades; y seguimos apostando por ser una Iglesia encarnada en las comunidades, esperanzada y con creciente esp\u00edritu misionero\u201d.<\/p>\n\n\n\n<p>@amandasaldivia   <\/p>\n\n\n\n<p><\/p>\n","protected":false},"excerpt":{"rendered":"<p>Amanda Saldivia.- Con las palabras del padre Luis M\u00e1rquez, quien pidi\u00f3 la intercepci\u00f3n de San Jos\u00e9 ante Dios para llevarlos con bien durante el recorrido, inici\u00f3 la caminata 4K que form\u00f3 parte de la programaci\u00f3n aniversario n\u00famero 55 de la parroquia San Jos\u00e9 Obrero de Altagracia de Orituco, Gu\u00e1rico. Con<\/p>\n","protected":false},"author":2,"featured_media":5492,"comment_status":"open","ping_status":"open","sticky":false,"template":"","format":"standard","meta":{"advanced_seo_description":"","jetpack_seo_html_title":"","jetpack_seo_noindex":false,"_jetpack_memberships_contains_paid_content":false,"footnotes":"","jetpack_publicize_message":"","jetpack_publicize_feature_enabled":true,"jetpack_social_post_already_shared":true,"jetpack_social_options":{"image_generator_settings":{"template":"highway","enabled":false},"version":2}},"categories":[117],"tags":[],"class_list":["post-5491","post","type-post","status-publish","format-standard","has-post-thumbnail","hentry","category-celebracion",""],"jetpack_publicize_connections":[],"jetpack_featured_media_url":"https:\/\/webdealta.info\/wp-content\/uploads\/2022\/09\/caminata-4-k-webdealta.png","jetpack_sharing_enabled":true,"jetpack_likes_enabled":true,"jetpack-related-posts":[],"jetpack_shortlink":"https:\/\/wp.me\/pcseDn-1qz","_links":{"self":[{"href":"https:\/\/webdealta.info\/index.php?rest_route=\/wp\/v2\/posts\/5491","targetHints":{"allow":["GET"]}}],"collection":[{"href":"https:\/\/webdealta.info\/index.php?rest_route=\/wp\/v2\/posts"}],"about":[{"href":"https:\/\/webdealta.info\/index.php?rest_route=\/wp\/v2\/types\/post"}],"author":[{"embeddable":true,"href":"https:\/\/webdealta.info\/index.php?rest_route=\/wp\/v2\/users\/2"}],"replies":[{"embeddable":true,"href":"https:\/\/webdealta.info\/index.php?rest_route=%2Fwp%2Fv2%2Fcomments&post=5491"}],"version-history":[{"count":1,"href":"https:\/\/webdealta.info\/index.php?rest_route=\/wp\/v2\/posts\/5491\/revisions"}],"predecessor-version":[{"id":5493,"href":"https:\/\/webdealta.info\/index.php?rest_route=\/wp\/v2\/posts\/5491\/revisions\/5493"}],"wp:featuredmedia":[{"embeddable":true,"href":"https:\/\/webdealta.info\/index.php?rest_route=\/wp\/v2\/media\/5492"}],"wp:attachment":[{"href":"https:\/\/webdealta.info\/index.php?rest_route=%2Fwp%2Fv2%2Fmedia&parent=5491"}],"wp:term":[{"taxonomy":"category","embeddable":true,"href":"https:\/\/webdealta.info\/index.php?rest_route=%2Fwp%2Fv2%2Fcategories&post=5491"},{"taxonomy":"post_tag","embeddable":true,"href":"https:\/\/webdealta.info\/index.php?rest_route=%2Fwp%2Fv2%2Ftags&post=5491"}],"curies":[{"name":"wp","href":"https:\/\/api.w.org\/{rel}","templated":true}]}}