{"id":5485,"date":"2022-09-16T10:23:12","date_gmt":"2022-09-16T14:23:12","guid":{"rendered":"https:\/\/webdealta.info\/?p=5485"},"modified":"2022-09-18T10:46:55","modified_gmt":"2022-09-18T14:46:55","slug":"en-fotografias-sitio-y-trabajos-realizados-por-corpoelec-en-guatopo","status":"publish","type":"post","link":"https:\/\/webdealta.info\/?p=5485","title":{"rendered":"En fotograf\u00edas sitio y trabajos realizados por Corpoelec en Guatopo"},"content":{"rendered":"\n<p>Amanda Saldivia.-<\/p>\n\n\n\n<p>La Web de Altagracia tuvo acceso a fotograf\u00edas que muestran el lugar donde ocurri\u00f3 la aver\u00eda en la l\u00ednea 115 Kv de Santa Teresa, en las cuales se puede observar lo intrincado de la zona del parque nacional Guatopo, donde la cuadrilla de Corpoelec trabaj\u00f3 por m\u00e1s de una semana para restablecer la conexi\u00f3n.<\/p>\n\n\n\n<figure class=\"wp-block-image size-large\"><img loading=\"lazy\" decoding=\"async\" width=\"1024\" height=\"546\" src=\"https:\/\/webdealta.info\/wp-content\/uploads\/2022\/09\/foto-2-webdealta-corpoelec-1024x546.png\" alt=\"\" class=\"wp-image-5487\" srcset=\"https:\/\/webdealta.info\/wp-content\/uploads\/2022\/09\/foto-2-webdealta-corpoelec.png 1024w, https:\/\/webdealta.info\/wp-content\/uploads\/2022\/09\/foto-2-webdealta-corpoelec.png 300w, https:\/\/webdealta.info\/wp-content\/uploads\/2022\/09\/foto-2-webdealta-corpoelec.png 768w, https:\/\/webdealta.info\/wp-content\/uploads\/2022\/09\/foto-2-webdealta-corpoelec.png 1170w, https:\/\/webdealta.info\/wp-content\/uploads\/2022\/09\/foto-2-webdealta-corpoelec.png 1500w, https:\/\/webdealta.info\/wp-content\/uploads\/2022\/09\/foto-2-webdealta-corpoelec.png 1280w\" sizes=\"auto, (max-width: 640px) 100vw, 640px\" \/><\/figure>\n\n\n\n<p>Desde este jueves la subestaci\u00f3n Altagracia est\u00e1 nuevamente conectada a la l\u00ednea 115 Kv Santa Teresa, luego de que el fluido el\u00e9ctrico se interrumpiera por ese ramal, el pasado cinco de septiembre, lo que ocasion\u00f3 un apag\u00f3n por 49 horas, porque tambi\u00e9n se registr\u00f3 una falla en la l\u00ednea alterna Baemari, El Sombrero.<\/p>\n\n\n\n<figure class=\"wp-block-image size-large\"><img loading=\"lazy\" decoding=\"async\" width=\"1024\" height=\"546\" src=\"https:\/\/webdealta.info\/wp-content\/uploads\/2022\/09\/foto-3-webdealta-corpoelec-1024x546.png\" alt=\"\" class=\"wp-image-5488\" srcset=\"https:\/\/webdealta.info\/wp-content\/uploads\/2022\/09\/foto-3-webdealta-corpoelec.png 1024w, https:\/\/webdealta.info\/wp-content\/uploads\/2022\/09\/foto-3-webdealta-corpoelec.png 300w, https:\/\/webdealta.info\/wp-content\/uploads\/2022\/09\/foto-3-webdealta-corpoelec.png 768w, https:\/\/webdealta.info\/wp-content\/uploads\/2022\/09\/foto-3-webdealta-corpoelec.png 1170w, https:\/\/webdealta.info\/wp-content\/uploads\/2022\/09\/foto-3-webdealta-corpoelec.png 1500w, https:\/\/webdealta.info\/wp-content\/uploads\/2022\/09\/foto-3-webdealta-corpoelec.png 1280w\" sizes=\"auto, (max-width: 640px) 100vw, 640px\" \/><\/figure>\n\n\n\n<p>Pudimos conocer, que el personal agradeci\u00f3 las atenciones de las autoridades, comerciantes y de los funcionarios del Cuartel de Bomberos Andr\u00e9 Fourneau, en el cual se hosped\u00f3 la mayor\u00eda de los integrantes de la cuadrilla que llev\u00f3 adelante estos trabajos. <\/p>\n\n\n\n<p>@amandasaldivia<\/p>\n","protected":false},"excerpt":{"rendered":"<p>Amanda Saldivia.- La Web de Altagracia tuvo acceso a fotograf\u00edas que muestran el lugar donde ocurri\u00f3 la aver\u00eda en la l\u00ednea 115 Kv de Santa Teresa, en las cuales se puede observar lo intrincado de la zona del parque nacional Guatopo, donde la cuadrilla de Corpoelec trabaj\u00f3 por m\u00e1s de<\/p>\n","protected":false},"author":2,"featured_media":5486,"comment_status":"open","ping_status":"open","sticky":false,"template":"","format":"standard","meta":{"advanced_seo_description":"","jetpack_seo_html_title":"","jetpack_seo_noindex":false,"_jetpack_memberships_contains_paid_content":false,"footnotes":"","jetpack_publicize_message":"","jetpack_publicize_feature_enabled":true,"jetpack_social_post_already_shared":true,"jetpack_social_options":{"image_generator_settings":{"template":"highway","enabled":false},"version":2}},"categories":[251],"tags":[8,7,32],"class_list":["post-5485","post","type-post","status-publish","format-standard","has-post-thumbnail","hentry","category-webdealta","tag-altagraciadeorituco","tag-guarico","tag-webdealta",""],"jetpack_publicize_connections":[],"jetpack_featured_media_url":"https:\/\/webdealta.info\/wp-content\/uploads\/2022\/09\/foto-1-webdealta-corpoelec.png","jetpack_sharing_enabled":true,"jetpack_likes_enabled":true,"jetpack-related-posts":[],"jetpack_shortlink":"https:\/\/wp.me\/pcseDn-1qt","_links":{"self":[{"href":"https:\/\/webdealta.info\/index.php?rest_route=\/wp\/v2\/posts\/5485","targetHints":{"allow":["GET"]}}],"collection":[{"href":"https:\/\/webdealta.info\/index.php?rest_route=\/wp\/v2\/posts"}],"about":[{"href":"https:\/\/webdealta.info\/index.php?rest_route=\/wp\/v2\/types\/post"}],"author":[{"embeddable":true,"href":"https:\/\/webdealta.info\/index.php?rest_route=\/wp\/v2\/users\/2"}],"replies":[{"embeddable":true,"href":"https:\/\/webdealta.info\/index.php?rest_route=%2Fwp%2Fv2%2Fcomments&post=5485"}],"version-history":[{"count":2,"href":"https:\/\/webdealta.info\/index.php?rest_route=\/wp\/v2\/posts\/5485\/revisions"}],"predecessor-version":[{"id":5498,"href":"https:\/\/webdealta.info\/index.php?rest_route=\/wp\/v2\/posts\/5485\/revisions\/5498"}],"wp:featuredmedia":[{"embeddable":true,"href":"https:\/\/webdealta.info\/index.php?rest_route=\/wp\/v2\/media\/5486"}],"wp:attachment":[{"href":"https:\/\/webdealta.info\/index.php?rest_route=%2Fwp%2Fv2%2Fmedia&parent=5485"}],"wp:term":[{"taxonomy":"category","embeddable":true,"href":"https:\/\/webdealta.info\/index.php?rest_route=%2Fwp%2Fv2%2Fcategories&post=5485"},{"taxonomy":"post_tag","embeddable":true,"href":"https:\/\/webdealta.info\/index.php?rest_route=%2Fwp%2Fv2%2Ftags&post=5485"}],"curies":[{"name":"wp","href":"https:\/\/api.w.org\/{rel}","templated":true}]}}