{"id":5480,"date":"2022-09-15T23:30:49","date_gmt":"2022-09-16T03:30:49","guid":{"rendered":"https:\/\/webdealta.info\/?p=5480"},"modified":"2022-09-15T23:30:50","modified_gmt":"2022-09-16T03:30:50","slug":"parroquia-san-jose-obrero-celebra-55-anos-de-fundada","status":"publish","type":"post","link":"https:\/\/webdealta.info\/?p=5480","title":{"rendered":"Parroquia San Jos\u00e9 Obrero celebra 55 a\u00f1os de fundada"},"content":{"rendered":"\n<p><strong>Autor: Padre Luis M\u00e1rquez, P\u00e1rroco San Jos\u00e9 Obrero.-<\/strong> <\/p>\n\n\n\n<p>La parroquia eclesi\u00e1stica San Jos\u00e9 Obrero, tambi\u00e9n conocida como la Iglesia del Banco Obrero, fue erigida el 16 de septiembre de 1967 por el Siervo de Dios Mons. Miguel Antonio Salas, Obispo de Calabozo, quien designa para esa misma fecha, como primer p\u00e1rroco al Pbro. Policarpo Kreutle.<\/p>\n\n\n\n<p>Entre los motivos que justifican la creaci\u00f3n de una nueva parroquia en Altagracia de Orituco, el acta de erecci\u00f3n presenta dos: primero considera \u00abque el n\u00famero de los feligreses de la parroquia Ntra. Sra. de Altagracia se ha aumentado considerablemente&#8230;\u00bb y luego que \u00abla distancia en qu\u00e9 se hayan los feligreses dificulta la atenci\u00f3n espiritual requerida\u00bb.<\/p>\n\n\n\n<p>Para esta nueva parroquia, decretan como titular \u00aba San Jos\u00e9 Obrero, cuya fiesta lit\u00fargica se celebra el 01 de mayo de cada a\u00f1o\u00bb. En cuanto al recinto que servir\u00eda como sede de la nueva parroquia, en el acta de erecci\u00f3n se lee la siguiente disposici\u00f3n: \u00abDesignamos como templo parroquial la Iglesia en construcci\u00f3n en el Banco Obrero\u00bb.<\/p>\n\n\n\n<p>Esta iglesia en construcci\u00f3n, seg\u00fan el testimonio de muchas personas mayores, era el resultado de la iniciativa de la comunidad de construir una capilla en honor de San Judas Tadeo, en el sitio donde antiguamente exist\u00eda el bote de basura y que era conocido como la bandera negra.<\/p>\n\n\n\n<p>Desde la fecha de la creaci\u00f3n de la parroquia, vinieron varios retos, no s\u00f3lo la consolidaci\u00f3n del trabajo evangelizador y misionero en el coraz\u00f3n de las comunidades del amplio territorio pastoral, sino la culminaci\u00f3n de la construcci\u00f3n del templo y su respectiva dotaci\u00f3n, la construcci\u00f3n de la casa parroquial y su dotaci\u00f3n; y con el paso del tiempo las debidas reparaciones.<\/p>\n\n\n\n<p>Con el pasar de los a\u00f1os, los sacerdotes tambi\u00e9n se fueron sucediendo. El primer p\u00e1rroco dur\u00f3 menos de un a\u00f1o. Para el 15 de agosto de 1968 tomaba posesi\u00f3n el Pbro. Armando Rivas y estar\u00e1 al frente de la parroquia por un poco m\u00e1s de dos a\u00f1os, ya que es trasladado de parroquia, por lo que el 15 de enero de 1971, la parroquia recibe a su tercer p\u00e1rroco, en la persona del Pbro. Luis Antonio D\u00edaz que tendr\u00e1 un ministerio pastoral de un poco m\u00e1s de un a\u00f1o. En octubre de 1972, el Padre Rivas vuelve a ser nombrado p\u00e1rroco de San Jos\u00e9 Obrero y permanece en ese servicio hasta su muerte en febrero de 1973.<\/p>\n\n\n\n<p>El 01 de junio de 1973 llega como p\u00e1rroco el Pbro. Augusto Jaramillo. Este sacerdote ten\u00eda dotes musicales, y a \u00e9l se debe la letra del Himno de Altagracia de Orituco. Para el 27 de septiembre de 1977 recibe como p\u00e1rroco el Pbro. Cruz Mujica, y el encargado de la construcci\u00f3n de la actual casa parroquial; construcci\u00f3n que logr\u00f3 con rifas, cenas y otras actividades pro fondos. En 1980 el padre Cruz es trasladado a Ntra. Sra. de Altagracia y el Pbro. Freddy Hern\u00e1ndez es nombrado p\u00e1rroco de San Jos\u00e9 Obrero y permanece en el servicio hasta el 2 de noviembre de 1983.<\/p>\n\n\n\n<p>Desde esa fecha y hasta el 21 de marzo de 1984, estuvo encargada de la parroquia la Hermana Ana Joaquina Acosta, de las Hermanas Carmelitas de Madre Candelaria. En 1984 recibe como p\u00e1rroco provisional el Pbro. Dar\u00edo D\u00e1vila, y el 3 de agosto del mismo a\u00f1o, toma posesi\u00f3n el Pbro. Te\u00f3filo Brice\u00f1o. El 28 de enero de 1988 toma posesi\u00f3n como p\u00e1rroco el Pbro. Leopoldo Loaiza, es el sacerdote que hasta ahora ha tenido m\u00e1s tiempo como p\u00e1rroco ya que mantuvo el t\u00edtulo hasta su muerte el 27 de julio de 2020.<\/p>\n\n\n\n<p>En octubre del a\u00f1o 2.019, ante el deterioro de la salud del Padre Loaiza, el Obispo designa como Administrador Parroquial al Pbro. Luis M\u00e1rquez, quien tras la muerte del Padre Leopoldo, el 05 de agosto es nombrado p\u00e1rroco de San Jos\u00e9 Obrero, tomando posesi\u00f3n el 13 de septiembre de 2020.<\/p>\n\n\n\n<p>En estos 55 a\u00f1os, todos estos sacerdotes han trabajado incansablemente por la evangelizaci\u00f3n de las comunidades que conforman la parroquia. La vida espiritual fue creciendo y se evidenci\u00f3 en el dinamismo pastoral de muchas comunidades como Ipare, Paural, Camoruco, entre otras que depend\u00edan de esta sede. Para el a\u00f1o 2006, de la parroquia San Jos\u00e9 Obrero se desprenden varios sectores de la zona \u00e9ste con los que se crea la Parroquia Ntra. Sra. de los Dolores.<\/p>\n\n\n\n<p>Con el pasar de los a\u00f1os, el templo presenta un visible y agudo deterioro, lo que amerita trabajos de reparaciones. Tras varias gestiones, e iniciativas, estos trabajos se inician el 12 de octubre de 2021, bajo la gu\u00eda del Pbro. Luis M\u00e1rquez, qui\u00e9n asesorado por expertos se propone construir una nueva fachada para el templo parroquial y embellecer el interior del mismo, entre lo que destaca la construcci\u00f3n de una Capilla dedicada al Sant\u00edsimo en el ala lateral del templo.<\/p>\n\n\n\n<p>En la actualidad, el avance de los trabajos es notorio. Se contin\u00faan realizando diversas actividades pro fondos que aporten los recursos que permitan culminar los trabajos iniciados.<\/p>\n\n\n\n<p>Hoy d\u00eda son 22 sectores los que conforman la parroquia San Jos\u00e9 obrero, 15 grupos de apostolados, movimientos y sociedades; y seguimos apostando por ser una Iglesia encarnada en las comunidades, esperanzada y con creciente esp\u00edritu misionero.  <\/p>\n\n\n\n<p><\/p>\n","protected":false},"excerpt":{"rendered":"<p>Autor: Padre Luis M\u00e1rquez, P\u00e1rroco San Jos\u00e9 Obrero.- La parroquia eclesi\u00e1stica San Jos\u00e9 Obrero, tambi\u00e9n conocida como la Iglesia del Banco Obrero, fue erigida el 16 de septiembre de 1967 por el Siervo de Dios Mons. Miguel Antonio Salas, Obispo de Calabozo, quien designa para esa misma fecha, como primer<\/p>\n","protected":false},"author":2,"featured_media":5481,"comment_status":"open","ping_status":"open","sticky":false,"template":"","format":"standard","meta":{"advanced_seo_description":"","jetpack_seo_html_title":"","jetpack_seo_noindex":false,"_jetpack_memberships_contains_paid_content":false,"footnotes":"","jetpack_publicize_message":"","jetpack_publicize_feature_enabled":true,"jetpack_social_post_already_shared":true,"jetpack_social_options":{"image_generator_settings":{"template":"highway","enabled":false},"version":2}},"categories":[42],"tags":[8,7,32],"class_list":["post-5480","post","type-post","status-publish","format-standard","has-post-thumbnail","hentry","category-iglesia-catolica","tag-altagraciadeorituco","tag-guarico","tag-webdealta",""],"jetpack_publicize_connections":[],"jetpack_featured_media_url":"https:\/\/webdealta.info\/wp-content\/uploads\/2022\/09\/iglesia-banco-obrero-webdealta-dron.png","jetpack_sharing_enabled":true,"jetpack_likes_enabled":true,"jetpack-related-posts":[],"jetpack_shortlink":"https:\/\/wp.me\/pcseDn-1qo","_links":{"self":[{"href":"https:\/\/webdealta.info\/index.php?rest_route=\/wp\/v2\/posts\/5480","targetHints":{"allow":["GET"]}}],"collection":[{"href":"https:\/\/webdealta.info\/index.php?rest_route=\/wp\/v2\/posts"}],"about":[{"href":"https:\/\/webdealta.info\/index.php?rest_route=\/wp\/v2\/types\/post"}],"author":[{"embeddable":true,"href":"https:\/\/webdealta.info\/index.php?rest_route=\/wp\/v2\/users\/2"}],"replies":[{"embeddable":true,"href":"https:\/\/webdealta.info\/index.php?rest_route=%2Fwp%2Fv2%2Fcomments&post=5480"}],"version-history":[{"count":1,"href":"https:\/\/webdealta.info\/index.php?rest_route=\/wp\/v2\/posts\/5480\/revisions"}],"predecessor-version":[{"id":5482,"href":"https:\/\/webdealta.info\/index.php?rest_route=\/wp\/v2\/posts\/5480\/revisions\/5482"}],"wp:featuredmedia":[{"embeddable":true,"href":"https:\/\/webdealta.info\/index.php?rest_route=\/wp\/v2\/media\/5481"}],"wp:attachment":[{"href":"https:\/\/webdealta.info\/index.php?rest_route=%2Fwp%2Fv2%2Fmedia&parent=5480"}],"wp:term":[{"taxonomy":"category","embeddable":true,"href":"https:\/\/webdealta.info\/index.php?rest_route=%2Fwp%2Fv2%2Fcategories&post=5480"},{"taxonomy":"post_tag","embeddable":true,"href":"https:\/\/webdealta.info\/index.php?rest_route=%2Fwp%2Fv2%2Ftags&post=5480"}],"curies":[{"name":"wp","href":"https:\/\/api.w.org\/{rel}","templated":true}]}}