{"id":5468,"date":"2022-09-14T22:46:42","date_gmt":"2022-09-15T02:46:42","guid":{"rendered":"https:\/\/webdealta.info\/?p=5468"},"modified":"2022-09-14T22:46:43","modified_gmt":"2022-09-15T02:46:43","slug":"alcalde-pedro-solorzano-presento-directiva-de-ferias-del-orituco-2022","status":"publish","type":"post","link":"https:\/\/webdealta.info\/?p=5468","title":{"rendered":"Alcalde Pedro Sol\u00f3rzano present\u00f3 directiva de  Ferias del Orituco 2022"},"content":{"rendered":"\n<p>Amanda Saldivia.-<\/p>\n\n\n\n<p>En medio de una rueda de prensa, el alcalde Pedro Sol\u00f3rzano present\u00f3 la directiva de las Ferias del Orituco 2022 y adelant\u00f3 parte de las actividades que se desarrollar\u00e1n, en el marco de la celebraci\u00f3n en honor a San Miguel Arc\u00e1ngel, Santo Patrono del municipio Jos\u00e9 Tadeo Monagas.<\/p>\n\n\n\n<p>La directiva est\u00e1 integrada por Luis Callejas, presidente; Juan Diego Sierra, vicepresidente; adem\u00e1s de Elis Aragort, productor agropecuario y miembro de la Federaci\u00f3n Nacional de Coleo, Wilfran De Paz, comerciante del ramo hotelero y excampe\u00f3n nacional de motocross y Neviker Romero, tambi\u00e9n campe\u00f3n de esa disciplina deportiva.<\/p>\n\n\n\n<p>Aunque no adelant\u00f3 en detalles la programaci\u00f3n que se cumplir\u00e1, porque ser\u00e1 dada a conocer por la directiva en los pr\u00f3ximos d\u00edas, el alcalde Pedro Sol\u00f3rzano s\u00ed mencion\u00f3 la celebraci\u00f3n de un invitacional de motocross los d\u00edas 24 y 25 de septiembre, el 29 la eucarist\u00eda, el paseo c\u00edvico y serenata a San Miguel y los d\u00edas 7, 8 y 9 de octubre exposici\u00f3n ganadera, toros coleados y amanecer llanero.<\/p>\n\n\n\n<p>Para el alcalde, las actividades forman parte de un plan de proyecci\u00f3n del municipio Monagas, de all\u00ed la importancia de recuperar las instalaciones de lo que se conoc\u00eda como El Paso Country Club y  que ahora es el parque de ferias de Altagracia de Orituco, el cual se est\u00e1 haciendo con el concurso del gobierno nacional, regional, local y la incorporaci\u00f3n de importantes sectores, entre ellos los productores agropecuarios, deportistas y vecinos.<\/p>\n\n\n\n<p>\u201cNosotros no queremos hacer unas fiestas y ya, nosotros tenemos una visi\u00f3n hol\u00edstica del municipio, una visi\u00f3n prospectiva de c\u00f3mo queremos ver a Altagracia en 10, 15 y 20 a\u00f1os y por supuesto, toda la proyecci\u00f3n, todos los pasos que estamos haciendo van concatenados a un plan estrat\u00e9gico, una visi\u00f3n de ciudad, una visi\u00f3n de un municipio grande\u201d, argument\u00f3 el primer mandatario local, en medio de la rueda de prensa realizada en la tarde de este mi\u00e9rcoles 14 de septiembre.<\/p>\n\n\n\n<p>Igualmente, se\u00f1al\u00f3 que est\u00e1 invitado al evento el Ministro de Turismo Al\u00ed Padr\u00f3n, as\u00ed como tambi\u00e9n Ra\u00fal Garc\u00eda, presidente de la Federaci\u00f3n Nacional de Coleo, con la finalidad de concretar, que la manga que llevar\u00e1 por nombre Coleadores del Orituco sea federada, lo que permitir\u00e1 el a\u00f1o entrante celebrar campeonatos nacionales de coleo.<\/p>\n\n\n\n<p>Al preguntarle sobre la garant\u00eda de transporte p\u00fablico, dijo que la movilidad ciudadana est\u00e1 garantizada con la asignaci\u00f3n de rutas y paradas espec\u00edficas para el traslado hasta esa \u00e1rea recreativa y el regreso a la zona c\u00e9ntrica de la poblaci\u00f3n, eso como parte de la organizaci\u00f3n de un evento que tendr\u00e1 actividades diurnas y nocturnas.<\/p>\n\n\n\n<p>El alcalde Pedro Sol\u00f3rzano hizo hincapi\u00e9 en que tiene el \u201cenorme compromiso de lograr, no solo la unificaci\u00f3n de todos los sectores productivos del municipio, sino tambi\u00e9n de rescatar y devolverle a nuestro pueblo un espacio y un entendimiento donde nosotros podamos seguir, entre hermanos y hermanas, entre familia, seguir compartiendo, de all\u00ed la importancia de esta convocatoria, luego de casi 10 a\u00f1os sin unas festividades como tal\u201d.<\/p>\n\n\n\n<p>@amandasaldivia  <\/p>\n\n\n\n<p><\/p>\n","protected":false},"excerpt":{"rendered":"<p>Amanda Saldivia.- En medio de una rueda de prensa, el alcalde Pedro Sol\u00f3rzano present\u00f3 la directiva de las Ferias del Orituco 2022 y adelant\u00f3 parte de las actividades que se desarrollar\u00e1n, en el marco de la celebraci\u00f3n en honor a San Miguel Arc\u00e1ngel, Santo Patrono del municipio Jos\u00e9 Tadeo Monagas.<\/p>\n","protected":false},"author":2,"featured_media":5469,"comment_status":"open","ping_status":"open","sticky":false,"template":"","format":"standard","meta":{"advanced_seo_description":"","jetpack_seo_html_title":"","jetpack_seo_noindex":false,"_jetpack_memberships_contains_paid_content":false,"footnotes":"","jetpack_publicize_message":"","jetpack_publicize_feature_enabled":true,"jetpack_social_post_already_shared":true,"jetpack_social_options":{"image_generator_settings":{"template":"highway","enabled":false},"version":2}},"categories":[117],"tags":[8,7,32],"class_list":["post-5468","post","type-post","status-publish","format-standard","has-post-thumbnail","hentry","category-celebracion","tag-altagraciadeorituco","tag-guarico","tag-webdealta",""],"jetpack_publicize_connections":[],"jetpack_featured_media_url":"https:\/\/webdealta.info\/wp-content\/uploads\/2022\/09\/alcalde-y-directiva-webdealta.jpg","jetpack_sharing_enabled":true,"jetpack_likes_enabled":true,"jetpack-related-posts":[],"jetpack_shortlink":"https:\/\/wp.me\/pcseDn-1qc","_links":{"self":[{"href":"https:\/\/webdealta.info\/index.php?rest_route=\/wp\/v2\/posts\/5468","targetHints":{"allow":["GET"]}}],"collection":[{"href":"https:\/\/webdealta.info\/index.php?rest_route=\/wp\/v2\/posts"}],"about":[{"href":"https:\/\/webdealta.info\/index.php?rest_route=\/wp\/v2\/types\/post"}],"author":[{"embeddable":true,"href":"https:\/\/webdealta.info\/index.php?rest_route=\/wp\/v2\/users\/2"}],"replies":[{"embeddable":true,"href":"https:\/\/webdealta.info\/index.php?rest_route=%2Fwp%2Fv2%2Fcomments&post=5468"}],"version-history":[{"count":1,"href":"https:\/\/webdealta.info\/index.php?rest_route=\/wp\/v2\/posts\/5468\/revisions"}],"predecessor-version":[{"id":5470,"href":"https:\/\/webdealta.info\/index.php?rest_route=\/wp\/v2\/posts\/5468\/revisions\/5470"}],"wp:featuredmedia":[{"embeddable":true,"href":"https:\/\/webdealta.info\/index.php?rest_route=\/wp\/v2\/media\/5469"}],"wp:attachment":[{"href":"https:\/\/webdealta.info\/index.php?rest_route=%2Fwp%2Fv2%2Fmedia&parent=5468"}],"wp:term":[{"taxonomy":"category","embeddable":true,"href":"https:\/\/webdealta.info\/index.php?rest_route=%2Fwp%2Fv2%2Fcategories&post=5468"},{"taxonomy":"post_tag","embeddable":true,"href":"https:\/\/webdealta.info\/index.php?rest_route=%2Fwp%2Fv2%2Ftags&post=5468"}],"curies":[{"name":"wp","href":"https:\/\/api.w.org\/{rel}","templated":true}]}}