{"id":5452,"date":"2022-09-10T20:47:38","date_gmt":"2022-09-11T00:47:38","guid":{"rendered":"https:\/\/webdealta.info\/?p=5452"},"modified":"2022-09-10T20:47:39","modified_gmt":"2022-09-11T00:47:39","slug":"empresarios-productores-y-emprendedores-en-la-expo-guarico-2022","status":"publish","type":"post","link":"https:\/\/webdealta.info\/?p=5452","title":{"rendered":"Empresarios, productores y emprendedores en la Expo Gu\u00e1rico 2022"},"content":{"rendered":"\n<p>Posterior al anuncio realizado por el gobernador Jos\u00e9 V\u00e1squez de realizar la cuarta edici\u00f3n de la \u00abExpo Gu\u00e1rico 2022\u00bb en la ciudad de Calabozo, municipio Francisco de Miranda, empresarios, productores y emprendedores guarique\u00f1os se han motivado a incorporarse al m\u00e1ximo evento que fortalece el desarrollo econ\u00f3mico, productivo y comercial de la regi\u00f3n, mediante la exhibici\u00f3n de diversas potencialidades, el cual se realizar\u00e1 el mes de noviembre durante los d\u00edas 3, 4, 5 y 6, en la que se prev\u00e9 la presencia de m\u00e1s de 450 stands de diversas \u00e1reas.<\/p>\n\n\n\n<p>Con m\u00e1s de 4 a\u00f1os de experiencia participando en diversas exposiciones regionales e incluso nacionales, Eduardo C\u00e1rdenas, representante del Grupo Industrial Veinca, se\u00f1al\u00f3 que estos escenarios permiten que cada productor o empresario tenga un mayor repunte comercial debido a la publicidad que los servicios y productos obtienen en este escenario, puntualizando que gracias a la gesti\u00f3n que ha tenido el gobernador Jos\u00e9 V\u00e1squez en el rescate de las ferias tradicionales en los diversos municipios, se ha logrado una mayor incorporaci\u00f3n e inter\u00e9s entre los empresarios y productores.<\/p>\n\n\n\n<p>\u00abCada vez que se hace una Expo Gu\u00e1rico somos m\u00e1s, nunca somos menos y siempre estamos los que participamos en la primera y cada vez vemos nuevas caras que han decidido invertir en el estado y el pa\u00eds\u00bb, manifest\u00f3 C\u00e1rdenas acotando que este escenario tambi\u00e9n ofrece ideas de desarrollo de nuevas acciones econ\u00f3micas y productivas para aquellos visitantes, adem\u00e1s de que los emprendedores puedan profundizar sus habilidades para el comercio mediante la experiencia aportada por empresarios e industrias de mayor trayectoria que participan y aportan sus conocimientos como expositores.<\/p>\n\n\n\n<p>Por su parte Andr\u00e9s Espa\u00f1a, productor de arroz de la localidad, manifest\u00f3 su contento en relaci\u00f3n a la iniciativa del Gobierno Bolivariano a trav\u00e9s de la Expo Gu\u00e1rico 2022, d\u00f3nde prev\u00e9n mostrar la alta capacidad productiva de la zona, a trav\u00e9s del Sistema de Riego R\u00edo Gu\u00e1rico con los campos arroceros, llamando la atenci\u00f3n de industrias o empresas dispuestas a invertir y generar alianzas de negocios en relaci\u00f3n a fertilizantes propicios para potenciar las actividades agr\u00edcolas.<\/p>\n\n\n\n<p>\u00abNosotros como productores haremos todo lo posible para compartir con los dem\u00e1s expositores y aquellos que decidan visitarnos. Las puertas est\u00e1n abiertas por aire y tierra. Lleguen a Calabozo y conozcan de manera directa como producimos arroz\u00bb, afirm\u00f3 Espa\u00f1a.<\/p>\n\n\n\n<p>A su vez, aleg\u00f3 que adicional a esto Calabozo cuenta con elementos tur\u00edsticos para los visitantes durante los d\u00edas del 3 al 6 de noviembre en los cuales se desarrollar\u00e1 la Expo Gu\u00e1rico 2020 en el marco de las Ferias Agroindustriales de Calabozo, c\u00f3mo lo es la red hotelera de calidad y elementos gastron\u00f3micos caracter\u00edsticos.<\/p>\n\n\n\n<p>De igual forma, Carlos Pi\u00f1a coordinador del Movimiento de Emprendedores en el municipio Francisco de Miranda, signific\u00f3 que cada hombre y mujer que ha levantado una actividad econ\u00f3mica alternativa, podr\u00e1 aprovechar esta plataforma para exhibir actividades basadas en la panader\u00eda, pasteler\u00eda, textiles, gastronom\u00eda y otros, con miras a su impulso estrat\u00e9gico, por lo cual en la localidad desde ya, se realizan procesos de organizaci\u00f3n y promoci\u00f3n participativa para la Expo Gu\u00e1rico.<\/p>\n\n\n\n<p>\u00abEsto ser\u00e1 un evento de gran impacto para la localidad, lo cual tiene emocionado a los calaboce\u00f1os. Es una excelente propuesta, que se tom\u00f3 con la incorporaci\u00f3n de diversos sectores productivos como la industria; gastronom\u00eda, turismo y productividad arrocera\u00bb, concluy\u00f3 Argenis Cartalla.<\/p>\n\n\n\n<p>Sibci \u2013 Gu\u00e1rico   <\/p>\n\n\n\n<p><\/p>\n","protected":false},"excerpt":{"rendered":"<p>Posterior al anuncio realizado por el gobernador Jos\u00e9 V\u00e1squez de realizar la cuarta edici\u00f3n de la \u00abExpo Gu\u00e1rico 2022\u00bb en la ciudad de Calabozo, municipio Francisco de Miranda, empresarios, productores y emprendedores guarique\u00f1os se han motivado a incorporarse al m\u00e1ximo evento que fortalece el desarrollo econ\u00f3mico, productivo y comercial de<\/p>\n","protected":false},"author":2,"featured_media":5453,"comment_status":"open","ping_status":"open","sticky":false,"template":"","format":"standard","meta":{"advanced_seo_description":"","jetpack_seo_html_title":"","jetpack_seo_noindex":false,"_jetpack_memberships_contains_paid_content":false,"footnotes":"","jetpack_publicize_message":"","jetpack_publicize_feature_enabled":true,"jetpack_social_post_already_shared":true,"jetpack_social_options":{"image_generator_settings":{"template":"highway","enabled":false},"version":2}},"categories":[284],"tags":[8,7,32],"class_list":["post-5452","post","type-post","status-publish","format-standard","has-post-thumbnail","hentry","category-gobierno-de-guarico","tag-altagraciadeorituco","tag-guarico","tag-webdealta",""],"jetpack_publicize_connections":[],"jetpack_featured_media_url":"https:\/\/webdealta.info\/wp-content\/uploads\/2022\/09\/expo-guarico-2022-webdealta.png","jetpack_sharing_enabled":true,"jetpack_likes_enabled":true,"jetpack-related-posts":[],"jetpack_shortlink":"https:\/\/wp.me\/pcseDn-1pW","_links":{"self":[{"href":"https:\/\/webdealta.info\/index.php?rest_route=\/wp\/v2\/posts\/5452","targetHints":{"allow":["GET"]}}],"collection":[{"href":"https:\/\/webdealta.info\/index.php?rest_route=\/wp\/v2\/posts"}],"about":[{"href":"https:\/\/webdealta.info\/index.php?rest_route=\/wp\/v2\/types\/post"}],"author":[{"embeddable":true,"href":"https:\/\/webdealta.info\/index.php?rest_route=\/wp\/v2\/users\/2"}],"replies":[{"embeddable":true,"href":"https:\/\/webdealta.info\/index.php?rest_route=%2Fwp%2Fv2%2Fcomments&post=5452"}],"version-history":[{"count":1,"href":"https:\/\/webdealta.info\/index.php?rest_route=\/wp\/v2\/posts\/5452\/revisions"}],"predecessor-version":[{"id":5454,"href":"https:\/\/webdealta.info\/index.php?rest_route=\/wp\/v2\/posts\/5452\/revisions\/5454"}],"wp:featuredmedia":[{"embeddable":true,"href":"https:\/\/webdealta.info\/index.php?rest_route=\/wp\/v2\/media\/5453"}],"wp:attachment":[{"href":"https:\/\/webdealta.info\/index.php?rest_route=%2Fwp%2Fv2%2Fmedia&parent=5452"}],"wp:term":[{"taxonomy":"category","embeddable":true,"href":"https:\/\/webdealta.info\/index.php?rest_route=%2Fwp%2Fv2%2Fcategories&post=5452"},{"taxonomy":"post_tag","embeddable":true,"href":"https:\/\/webdealta.info\/index.php?rest_route=%2Fwp%2Fv2%2Ftags&post=5452"}],"curies":[{"name":"wp","href":"https:\/\/api.w.org\/{rel}","templated":true}]}}